{"id":115083,"date":"2019-07-18T18:11:32","date_gmt":"2019-07-18T16:11:32","guid":{"rendered":"https:\/\/www.cined.com\/?p=115083"},"modified":"2019-07-18T19:56:31","modified_gmt":"2019-07-18T17:56:31","slug":"sony-a7r-iv-hands-on-same-video-quality-better-af","status":"publish","type":"post","link":"https:\/\/staging.cined.dev\/es\/sony-a7r-iv-hands-on-same-video-quality-better-af\/","title":{"rendered":"Practicamos con la Sony a7R IV \u2013 misma calidad de video, mejor Enfoque Autom\u00e1tico"},"content":{"rendered":"<p><span style=\"color: #ff0000\"><strong>(Por favor presione el bot\u00f3n &#8220;CC&#8221; en YouTube para activar los subt\u00edtulos en Espa\u00f1ol)<\/strong><\/span><\/p><115083-inline-buylinks\/>\n<p><strong>La Sony a7R IV acaba de ser anunciada, y puede que traiga muchas mejoras para los fot\u00f3grafos dedicados, pero para nosotros los cineastas ofrece muy poco en comparaci\u00f3n con los modelos anteriores de Sony. De hecho, algunas de las especificaciones de video que se encuentran en esta nueva c\u00e1mara, como el muestreo de color, la profundidad de bits, la resoluci\u00f3n, la velocidad de fotogramas, la velocidad de datos y dem\u00e1s, son exactamente las mismas que las de la envejecida Sony A7S II, \u00a1que fue lanzada hace casi 4 a\u00f1os!<\/strong><\/p>\n<div id=\"attachment_115038\" style=\"width: 650px\" class=\"wp-caption aligncenter\"><a href=\"https:\/\/www.cined.com\/content\/uploads\/2019\/07\/Sony-a7R-IV-stils-from-the-timeline.jpg\"><img loading=\"lazy\" decoding=\"async\" aria-describedby=\"caption-attachment-115038\" class=\"size-large wp-image-115038\" src=\"https:\/\/www.cined.com\/content\/uploads\/2019\/07\/Sony-a7R-IV-stils-from-the-timeline-640x360.jpg\" alt=\"\" width=\"640\" height=\"360\" srcset=\"https:\/\/staging.cined.dev\/content\/uploads\/2019\/07\/Sony-a7R-IV-stils-from-the-timeline-640x360.jpg 640w, https:\/\/staging.cined.dev\/content\/uploads\/2019\/07\/Sony-a7R-IV-stils-from-the-timeline-300x169.jpg 300w, https:\/\/staging.cined.dev\/content\/uploads\/2019\/07\/Sony-a7R-IV-stils-from-the-timeline-768x432.jpg 768w, https:\/\/staging.cined.dev\/content\/uploads\/2019\/07\/Sony-a7R-IV-stils-from-the-timeline-1536x864.jpg 1536w, https:\/\/staging.cined.dev\/content\/uploads\/2019\/07\/Sony-a7R-IV-stils-from-the-timeline-340x190.jpg 340w, https:\/\/staging.cined.dev\/content\/uploads\/2019\/07\/Sony-a7R-IV-stils-from-the-timeline-409x230.jpg 409w, https:\/\/staging.cined.dev\/content\/uploads\/2019\/07\/Sony-a7R-IV-stils-from-the-timeline-1600x900.jpg 1600w, https:\/\/staging.cined.dev\/content\/uploads\/2019\/07\/Sony-a7R-IV-stils-from-the-timeline.jpg 1920w\" sizes=\"auto, (max-width: 640px) 100vw, 640px\" \/><\/a><p id=\"caption-attachment-115038\" class=\"wp-caption-text\">Sony a7R IV \u2013 imagen de la l\u00ednea de tiempo en 4K<\/p><\/div>\n<p>S\u00e9 que esta es una forma un poco dura de comenzar un art\u00edculo, pero necesito expresar mi frustraci\u00f3n. Por favor no me malentiendan, siento MUCHO respeto por las personas que est\u00e1n detr\u00e1s de esta nueva c\u00e1mara y puedo suponer que muchos fot\u00f3grafos encontrar\u00e1n lo que estaban buscando en esta nueva oferta de Sony \u2013 pero perm\u00edtanme dar un paso al frente y decir que en lo que respecta al p\u00fablico de cineastas, Sony se est\u00e1 arriesgando a volverse menos relevante, sin hacer nada a diferencia de otros fabricantes. Cuando estaba en el evento de prensa en Irlanda, escuch\u00e9 que &#8220;la nueva a7R IV es principalmente una c\u00e1mara fotogr\u00e1fica, y es por eso que el aspecto del video no se ha mejorado&#8221;, pero con toda honestidad, en mi opini\u00f3n este argumento ya no es tan relevante. Veamos lo que FUJIFILM y Panasonic (por ejemplo) est\u00e1n haciendo con sus nuevas c\u00e1maras: al ofrecer lo mejor que tienen en cuanto a rendimiento de fotos y video en un solo dispositivo, son capaces de atraer a muchos. Ahora, no estoy diciendo que Sony deber\u00eda hacer lo mismo, pero al menos el argumento deber\u00eda ser diferente o, mejor a\u00fan, un poco m\u00e1s claro sobre sus planes futuros de c\u00e1maras.<\/p>\n<div id=\"attachment_114867\" style=\"width: 650px\" class=\"wp-caption aligncenter\"><a href=\"https:\/\/www.cined.com\/content\/uploads\/2019\/07\/Sony_A7RIV_New_Feature_Image.jpg\"><img loading=\"lazy\" decoding=\"async\" aria-describedby=\"caption-attachment-114867\" class=\"size-large wp-image-114867\" src=\"https:\/\/www.cined.com\/content\/uploads\/2019\/07\/Sony_A7RIV_New_Feature_Image-640x360.jpg\" alt=\"\" width=\"640\" height=\"360\" srcset=\"https:\/\/staging.cined.dev\/content\/uploads\/2019\/07\/Sony_A7RIV_New_Feature_Image-640x360.jpg 640w, https:\/\/staging.cined.dev\/content\/uploads\/2019\/07\/Sony_A7RIV_New_Feature_Image-300x169.jpg 300w, https:\/\/staging.cined.dev\/content\/uploads\/2019\/07\/Sony_A7RIV_New_Feature_Image-768x432.jpg 768w, https:\/\/staging.cined.dev\/content\/uploads\/2019\/07\/Sony_A7RIV_New_Feature_Image-1536x864.jpg 1536w, https:\/\/staging.cined.dev\/content\/uploads\/2019\/07\/Sony_A7RIV_New_Feature_Image-340x190.jpg 340w, https:\/\/staging.cined.dev\/content\/uploads\/2019\/07\/Sony_A7RIV_New_Feature_Image-409x230.jpg 409w, https:\/\/staging.cined.dev\/content\/uploads\/2019\/07\/Sony_A7RIV_New_Feature_Image-1600x900.jpg 1600w, https:\/\/staging.cined.dev\/content\/uploads\/2019\/07\/Sony_A7RIV_New_Feature_Image.jpg 1920w\" sizes=\"auto, (max-width: 640px) 100vw, 640px\" \/><\/a><p id=\"caption-attachment-114867\" class=\"wp-caption-text\">Sony a7R IV<\/p><\/div>\n<h2>Sony a7R IV &#8211; Aspectos destacados de video en pocas palabras<\/h2>\n<ul>\n<li>Enfoque Autom\u00e1tico de ojos en tiempo real para grabaci\u00f3n de video y Seguimiento en Tiempo Real avanzado<\/li>\n<li>Modo APS-C recortado (recorte de 1.6x)<\/li>\n<li>Visor electr\u00f3nico OLED UXGA (Ultra-XGA) de 5.76 millones de puntos<\/li>\n<li>Lectura completa de p\u00edxeles sin agrupaci\u00f3n de p\u00edxeles (pixel binning) en modo Super 35 mm<\/li>\n<li>Zapata de Interfaz M\u00faltiple con interfaz de audio digital para una grabaci\u00f3n de sonido de alta calidad con el nuevo micr\u00f3fono de escopeta ECM-B1M de Sony y el kit adaptador de micr\u00f3fono XLR-K3M<\/li>\n<li>Grabaci\u00f3n HDR (Hybrid Log-Gamma, HLG)<\/li>\n<li>S-Log 2 y S-Log 3<\/li>\n<\/ul>\n<div id=\"attachment_115055\" style=\"width: 650px\" class=\"wp-caption aligncenter\"><a href=\"https:\/\/www.cined.com\/content\/uploads\/2019\/07\/Sony-ECM-B1M-.jpg\"><img loading=\"lazy\" decoding=\"async\" aria-describedby=\"caption-attachment-115055\" class=\"size-large wp-image-115055\" src=\"https:\/\/www.cined.com\/content\/uploads\/2019\/07\/Sony-ECM-B1M--640x360.jpg\" alt=\"\" width=\"640\" height=\"360\" srcset=\"https:\/\/staging.cined.dev\/content\/uploads\/2019\/07\/Sony-ECM-B1M--640x360.jpg 640w, https:\/\/staging.cined.dev\/content\/uploads\/2019\/07\/Sony-ECM-B1M--300x169.jpg 300w, https:\/\/staging.cined.dev\/content\/uploads\/2019\/07\/Sony-ECM-B1M--768x432.jpg 768w, https:\/\/staging.cined.dev\/content\/uploads\/2019\/07\/Sony-ECM-B1M--1536x864.jpg 1536w, https:\/\/staging.cined.dev\/content\/uploads\/2019\/07\/Sony-ECM-B1M--340x190.jpg 340w, https:\/\/staging.cined.dev\/content\/uploads\/2019\/07\/Sony-ECM-B1M--409x230.jpg 409w, https:\/\/staging.cined.dev\/content\/uploads\/2019\/07\/Sony-ECM-B1M--1600x900.jpg 1600w, https:\/\/staging.cined.dev\/content\/uploads\/2019\/07\/Sony-ECM-B1M-.jpg 1920w\" sizes=\"auto, (max-width: 640px) 100vw, 640px\" \/><\/a><p id=\"caption-attachment-115055\" class=\"wp-caption-text\">nuevo micr\u00f3fono Sony ECM-B1M<\/p><\/div>\n<h2>Nuevos accesorios de Sony<\/h2>\n<p>De hecho, lo que me mantiene optimista son los 2 nuevos accesorios de audio. Si estos significan un compromiso hacia la comunidad cinematogr\u00e1fica, entonces habr\u00e1 un futuro brillante. Lo que realmente me llam\u00f3 la atenci\u00f3n es el nuevo micr\u00f3fono de escopeta ECM-B1M. Este nuevo dispositivo es como tener 3 micr\u00f3fonos diferentes (en cuanto a patr\u00f3n de forma) en un solo producto. Debo decir que la demostraci\u00f3n que me dieron fue muy convincente (ser\u00e1 interesante ver c\u00f3mo funciona este micr\u00f3fono en la pr\u00e1ctica). Adem\u00e1s, el nuevo Sony XLR-K3M ahora admite un mini conector est\u00e9reo de 3.5mm para entrada de l\u00ednea y micr\u00f3fono. Los dos accesorios nuevos de audio est\u00e1n dise\u00f1ados para funcionar mejor con la nueva a7R IV, ya que son compatibles con la interfaz de audio digital, lo que significa que el audio se transfiere directamente a la c\u00e1mara en forma digital sin ruido ni degradaci\u00f3n.<\/p>\n<div id=\"attachment_115058\" style=\"width: 650px\" class=\"wp-caption aligncenter\"><a href=\"https:\/\/www.cined.com\/content\/uploads\/2019\/07\/Sony-XLR-K3M-Additonal-3.5-input.jpg\"><img loading=\"lazy\" decoding=\"async\" aria-describedby=\"caption-attachment-115058\" class=\"size-large wp-image-115058\" src=\"https:\/\/www.cined.com\/content\/uploads\/2019\/07\/Sony-XLR-K3M-Additonal-3.5-input-640x360.jpg\" alt=\"\" width=\"640\" height=\"360\" srcset=\"https:\/\/staging.cined.dev\/content\/uploads\/2019\/07\/Sony-XLR-K3M-Additonal-3.5-input-640x360.jpg 640w, https:\/\/staging.cined.dev\/content\/uploads\/2019\/07\/Sony-XLR-K3M-Additonal-3.5-input-300x169.jpg 300w, https:\/\/staging.cined.dev\/content\/uploads\/2019\/07\/Sony-XLR-K3M-Additonal-3.5-input-768x432.jpg 768w, https:\/\/staging.cined.dev\/content\/uploads\/2019\/07\/Sony-XLR-K3M-Additonal-3.5-input-1536x864.jpg 1536w, https:\/\/staging.cined.dev\/content\/uploads\/2019\/07\/Sony-XLR-K3M-Additonal-3.5-input-340x190.jpg 340w, https:\/\/staging.cined.dev\/content\/uploads\/2019\/07\/Sony-XLR-K3M-Additonal-3.5-input-409x230.jpg 409w, https:\/\/staging.cined.dev\/content\/uploads\/2019\/07\/Sony-XLR-K3M-Additonal-3.5-input-1600x900.jpg 1600w, https:\/\/staging.cined.dev\/content\/uploads\/2019\/07\/Sony-XLR-K3M-Additonal-3.5-input.jpg 1920w\" sizes=\"auto, (max-width: 640px) 100vw, 640px\" \/><\/a><p id=\"caption-attachment-115058\" class=\"wp-caption-text\">Sony XLR-K3M &#8211; Entrada de 3.5 adicional<\/p><\/div>\n<p>&nbsp;<\/p>\n<h2>Conclusi\u00f3n<\/h2>\n<p>Creo que este es uno de los art\u00edculos de rese\u00f1a pr\u00e1ctica m\u00e1s cortos que he escrito, simplemente porque no hay mucho que destacar sobre las capacidades de video de la nueva Sony a7R IV. Los resultados de video son bonitos, pero en cuanto a las especificaciones de video, esta c\u00e1mara deja mucho que desear. En el aspecto positivo, logr\u00e9 escribir un art\u00edculo breve y no mencionar la muy esperada Sony a7S III. Bravo Johnnie&#8230;<\/p>\n<p>La m\u00fasica es cortes\u00eda de <a href=\"https:\/\/musicvine.com\/\" target=\"_blank\" rel=\"noopener\">MusicVine<\/a>. Obt\u00e9n un 25% de descuento en tu pr\u00f3xima licencia de m\u00fasica con el c\u00f3digo C5D25 (v\u00e1lido para un uso por cliente).<\/p>\n<p><strong>\u00bfQu\u00e9 piensas sobre el hecho de que Sony nos descuide un poco a los cineastas? \u00bfSigues esperando la llegada de una c\u00e1mara Sony sin espejo con mejores especificaciones, o has optado por moverte a usar equipos de otros fabricantes? Comparte con nosotros tus opiniones en la secci\u00f3n de comentarios debajo.<br \/>\n<\/strong><\/p>\n<p>&nbsp;<\/p>\n<p><em><strong>Descargo completo:<\/strong> Johnnie y otros representantes de medios de comunicaci\u00f3n fueron invitados al evento de lanzamiento de la a7R IV de Sony Europe en Dubl\u00edn, Irlanda. Sony pag\u00f3 el transporte y el alojamiento para este viaje de dos d\u00edas, pero no hubo ning\u00fan otro pago involucrado. <\/em><\/p>\n<115083-main-buylinks\/>","protected":false,"clean_render":"<p><span ><strong>(Por favor presione el bot\u00f3n &#8220;CC&#8221; en YouTube para activar los subt\u00edtulos en Espa\u00f1ol)<\/strong><\/span><\/p><115083-inline-buylinks\/>\n<p><strong>La Sony a7R IV acaba de ser anunciada, y puede que traiga muchas mejoras para los fot\u00f3grafos dedicados, pero para nosotros los cineastas ofrece muy poco en comparaci\u00f3n con los modelos anteriores de Sony. De hecho, algunas de las especificaciones de video que se encuentran en esta nueva c\u00e1mara, como el muestreo de color, la profundidad de bits, la resoluci\u00f3n, la velocidad de fotogramas, la velocidad de datos y dem\u00e1s, son exactamente las mismas que las de la envejecida Sony A7S II, \u00a1que fue lanzada hace casi 4 a\u00f1os!<\/strong><\/p>\n<div id=\"attachment_115038\"  class=\"wp-caption aligncenter\"><a href=\"https:\/\/www.cined.com\/content\/uploads\/2019\/07\/Sony-a7R-IV-stils-from-the-timeline.jpg\"><img loading=\"lazy\" decoding=\"async\" aria-describedby=\"caption-attachment-115038\" class=\"size-large wp-image-115038\" src=\"https:\/\/www.cined.com\/content\/uploads\/2019\/07\/Sony-a7R-IV-stils-from-the-timeline-640x360.jpg\" alt=\"\" width=\"640\" height=\"360\" srcset=\"https:\/\/staging.cined.dev\/content\/uploads\/2019\/07\/Sony-a7R-IV-stils-from-the-timeline-640x360.jpg 640w, https:\/\/staging.cined.dev\/content\/uploads\/2019\/07\/Sony-a7R-IV-stils-from-the-timeline-300x169.jpg 300w, https:\/\/staging.cined.dev\/content\/uploads\/2019\/07\/Sony-a7R-IV-stils-from-the-timeline-768x432.jpg 768w, https:\/\/staging.cined.dev\/content\/uploads\/2019\/07\/Sony-a7R-IV-stils-from-the-timeline-1536x864.jpg 1536w, https:\/\/staging.cined.dev\/content\/uploads\/2019\/07\/Sony-a7R-IV-stils-from-the-timeline-340x190.jpg 340w, https:\/\/staging.cined.dev\/content\/uploads\/2019\/07\/Sony-a7R-IV-stils-from-the-timeline-409x230.jpg 409w, https:\/\/staging.cined.dev\/content\/uploads\/2019\/07\/Sony-a7R-IV-stils-from-the-timeline-1600x900.jpg 1600w, https:\/\/staging.cined.dev\/content\/uploads\/2019\/07\/Sony-a7R-IV-stils-from-the-timeline.jpg 1920w\" sizes=\"auto, (max-width: 640px) 100vw, 640px\" \/><\/a><p id=\"caption-attachment-115038\" class=\"wp-caption-text\">Sony a7R IV \u2013 imagen de la l\u00ednea de tiempo en 4K<\/p><\/div>\n<p>S\u00e9 que esta es una forma un poco dura de comenzar un art\u00edculo, pero necesito expresar mi frustraci\u00f3n. Por favor no me malentiendan, siento MUCHO respeto por las personas que est\u00e1n detr\u00e1s de esta nueva c\u00e1mara y puedo suponer que muchos fot\u00f3grafos encontrar\u00e1n lo que estaban buscando en esta nueva oferta de Sony \u2013 pero perm\u00edtanme dar un paso al frente y decir que en lo que respecta al p\u00fablico de cineastas, Sony se est\u00e1 arriesgando a volverse menos relevante, sin hacer nada a diferencia de otros fabricantes. Cuando estaba en el evento de prensa en Irlanda, escuch\u00e9 que &#8220;la nueva a7R IV es principalmente una c\u00e1mara fotogr\u00e1fica, y es por eso que el aspecto del video no se ha mejorado&#8221;, pero con toda honestidad, en mi opini\u00f3n este argumento ya no es tan relevante. Veamos lo que FUJIFILM y Panasonic (por ejemplo) est\u00e1n haciendo con sus nuevas c\u00e1maras: al ofrecer lo mejor que tienen en cuanto a rendimiento de fotos y video en un solo dispositivo, son capaces de atraer a muchos. Ahora, no estoy diciendo que Sony deber\u00eda hacer lo mismo, pero al menos el argumento deber\u00eda ser diferente o, mejor a\u00fan, un poco m\u00e1s claro sobre sus planes futuros de c\u00e1maras.<\/p>\n<div id=\"attachment_114867\"  class=\"wp-caption aligncenter\"><a href=\"https:\/\/www.cined.com\/content\/uploads\/2019\/07\/Sony_A7RIV_New_Feature_Image.jpg\"><img loading=\"lazy\" decoding=\"async\" aria-describedby=\"caption-attachment-114867\" class=\"size-large wp-image-114867\" src=\"https:\/\/www.cined.com\/content\/uploads\/2019\/07\/Sony_A7RIV_New_Feature_Image-640x360.jpg\" alt=\"\" width=\"640\" height=\"360\" srcset=\"https:\/\/staging.cined.dev\/content\/uploads\/2019\/07\/Sony_A7RIV_New_Feature_Image-640x360.jpg 640w, https:\/\/staging.cined.dev\/content\/uploads\/2019\/07\/Sony_A7RIV_New_Feature_Image-300x169.jpg 300w, https:\/\/staging.cined.dev\/content\/uploads\/2019\/07\/Sony_A7RIV_New_Feature_Image-768x432.jpg 768w, https:\/\/staging.cined.dev\/content\/uploads\/2019\/07\/Sony_A7RIV_New_Feature_Image-1536x864.jpg 1536w, https:\/\/staging.cined.dev\/content\/uploads\/2019\/07\/Sony_A7RIV_New_Feature_Image-340x190.jpg 340w, https:\/\/staging.cined.dev\/content\/uploads\/2019\/07\/Sony_A7RIV_New_Feature_Image-409x230.jpg 409w, https:\/\/staging.cined.dev\/content\/uploads\/2019\/07\/Sony_A7RIV_New_Feature_Image-1600x900.jpg 1600w, https:\/\/staging.cined.dev\/content\/uploads\/2019\/07\/Sony_A7RIV_New_Feature_Image.jpg 1920w\" sizes=\"auto, (max-width: 640px) 100vw, 640px\" \/><\/a><p id=\"caption-attachment-114867\" class=\"wp-caption-text\">Sony a7R IV<\/p><\/div>\n<h2>Sony a7R IV &#8211; Aspectos destacados de video en pocas palabras<\/h2>\n<ul>\n<li>Enfoque Autom\u00e1tico de ojos en tiempo real para grabaci\u00f3n de video y Seguimiento en Tiempo Real avanzado<\/li>\n<li>Modo APS-C recortado (recorte de 1.6x)<\/li>\n<li>Visor electr\u00f3nico OLED UXGA (Ultra-XGA) de 5.76 millones de puntos<\/li>\n<li>Lectura completa de p\u00edxeles sin agrupaci\u00f3n de p\u00edxeles (pixel binning) en modo Super 35 mm<\/li>\n<li>Zapata de Interfaz M\u00faltiple con interfaz de audio digital para una grabaci\u00f3n de sonido de alta calidad con el nuevo micr\u00f3fono de escopeta ECM-B1M de Sony y el kit adaptador de micr\u00f3fono XLR-K3M<\/li>\n<li>Grabaci\u00f3n HDR (Hybrid Log-Gamma, HLG)<\/li>\n<li>S-Log 2 y S-Log 3<\/li>\n<\/ul>\n<div id=\"attachment_115055\"  class=\"wp-caption aligncenter\"><a href=\"https:\/\/www.cined.com\/content\/uploads\/2019\/07\/Sony-ECM-B1M-.jpg\"><img loading=\"lazy\" decoding=\"async\" aria-describedby=\"caption-attachment-115055\" class=\"size-large wp-image-115055\" src=\"https:\/\/www.cined.com\/content\/uploads\/2019\/07\/Sony-ECM-B1M--640x360.jpg\" alt=\"\" width=\"640\" height=\"360\" srcset=\"https:\/\/staging.cined.dev\/content\/uploads\/2019\/07\/Sony-ECM-B1M--640x360.jpg 640w, https:\/\/staging.cined.dev\/content\/uploads\/2019\/07\/Sony-ECM-B1M--300x169.jpg 300w, https:\/\/staging.cined.dev\/content\/uploads\/2019\/07\/Sony-ECM-B1M--768x432.jpg 768w, https:\/\/staging.cined.dev\/content\/uploads\/2019\/07\/Sony-ECM-B1M--1536x864.jpg 1536w, https:\/\/staging.cined.dev\/content\/uploads\/2019\/07\/Sony-ECM-B1M--340x190.jpg 340w, https:\/\/staging.cined.dev\/content\/uploads\/2019\/07\/Sony-ECM-B1M--409x230.jpg 409w, https:\/\/staging.cined.dev\/content\/uploads\/2019\/07\/Sony-ECM-B1M--1600x900.jpg 1600w, https:\/\/staging.cined.dev\/content\/uploads\/2019\/07\/Sony-ECM-B1M-.jpg 1920w\" sizes=\"auto, (max-width: 640px) 100vw, 640px\" \/><\/a><p id=\"caption-attachment-115055\" class=\"wp-caption-text\">nuevo micr\u00f3fono Sony ECM-B1M<\/p><\/div>\n<h2>Nuevos accesorios de Sony<\/h2>\n<p>De hecho, lo que me mantiene optimista son los 2 nuevos accesorios de audio. Si estos significan un compromiso hacia la comunidad cinematogr\u00e1fica, entonces habr\u00e1 un futuro brillante. Lo que realmente me llam\u00f3 la atenci\u00f3n es el nuevo micr\u00f3fono de escopeta ECM-B1M. Este nuevo dispositivo es como tener 3 micr\u00f3fonos diferentes (en cuanto a patr\u00f3n de forma) en un solo producto. Debo decir que la demostraci\u00f3n que me dieron fue muy convincente (ser\u00e1 interesante ver c\u00f3mo funciona este micr\u00f3fono en la pr\u00e1ctica). Adem\u00e1s, el nuevo Sony XLR-K3M ahora admite un mini conector est\u00e9reo de 3.5mm para entrada de l\u00ednea y micr\u00f3fono. Los dos accesorios nuevos de audio est\u00e1n dise\u00f1ados para funcionar mejor con la nueva a7R IV, ya que son compatibles con la interfaz de audio digital, lo que significa que el audio se transfiere directamente a la c\u00e1mara en forma digital sin ruido ni degradaci\u00f3n.<\/p>\n<div id=\"attachment_115058\"  class=\"wp-caption aligncenter\"><a href=\"https:\/\/www.cined.com\/content\/uploads\/2019\/07\/Sony-XLR-K3M-Additonal-3.5-input.jpg\"><img loading=\"lazy\" decoding=\"async\" aria-describedby=\"caption-attachment-115058\" class=\"size-large wp-image-115058\" src=\"https:\/\/www.cined.com\/content\/uploads\/2019\/07\/Sony-XLR-K3M-Additonal-3.5-input-640x360.jpg\" alt=\"\" width=\"640\" height=\"360\" srcset=\"https:\/\/staging.cined.dev\/content\/uploads\/2019\/07\/Sony-XLR-K3M-Additonal-3.5-input-640x360.jpg 640w, https:\/\/staging.cined.dev\/content\/uploads\/2019\/07\/Sony-XLR-K3M-Additonal-3.5-input-300x169.jpg 300w, https:\/\/staging.cined.dev\/content\/uploads\/2019\/07\/Sony-XLR-K3M-Additonal-3.5-input-768x432.jpg 768w, https:\/\/staging.cined.dev\/content\/uploads\/2019\/07\/Sony-XLR-K3M-Additonal-3.5-input-1536x864.jpg 1536w, https:\/\/staging.cined.dev\/content\/uploads\/2019\/07\/Sony-XLR-K3M-Additonal-3.5-input-340x190.jpg 340w, https:\/\/staging.cined.dev\/content\/uploads\/2019\/07\/Sony-XLR-K3M-Additonal-3.5-input-409x230.jpg 409w, https:\/\/staging.cined.dev\/content\/uploads\/2019\/07\/Sony-XLR-K3M-Additonal-3.5-input-1600x900.jpg 1600w, https:\/\/staging.cined.dev\/content\/uploads\/2019\/07\/Sony-XLR-K3M-Additonal-3.5-input.jpg 1920w\" sizes=\"auto, (max-width: 640px) 100vw, 640px\" \/><\/a><p id=\"caption-attachment-115058\" class=\"wp-caption-text\">Sony XLR-K3M &#8211; Entrada de 3.5 adicional<\/p><\/div>\n<p>&nbsp;<\/p>\n<h2>Conclusi\u00f3n<\/h2>\n<p>Creo que este es uno de los art\u00edculos de rese\u00f1a pr\u00e1ctica m\u00e1s cortos que he escrito, simplemente porque no hay mucho que destacar sobre las capacidades de video de la nueva Sony a7R IV. Los resultados de video son bonitos, pero en cuanto a las especificaciones de video, esta c\u00e1mara deja mucho que desear. En el aspecto positivo, logr\u00e9 escribir un art\u00edculo breve y no mencionar la muy esperada Sony a7S III. Bravo Johnnie&#8230;<\/p>\n<p>La m\u00fasica es cortes\u00eda de <a href=\"https:\/\/musicvine.com\/\" target=\"_blank\" rel=\"noopener\">MusicVine<\/a>. Obt\u00e9n un 25% de descuento en tu pr\u00f3xima licencia de m\u00fasica con el c\u00f3digo C5D25 (v\u00e1lido para un uso por cliente).<\/p>\n<p><strong>\u00bfQu\u00e9 piensas sobre el hecho de que Sony nos descuide un poco a los cineastas? \u00bfSigues esperando la llegada de una c\u00e1mara Sony sin espejo con mejores especificaciones, o has optado por moverte a usar equipos de otros fabricantes? Comparte con nosotros tus opiniones en la secci\u00f3n de comentarios debajo.<br \/>\n<\/strong><\/p>\n<p>&nbsp;<\/p>\n<p><em><strong>Descargo completo:<\/strong> Johnnie y otros representantes de medios de comunicaci\u00f3n fueron invitados al evento de lanzamiento de la a7R IV de Sony Europe en Dubl\u00edn, Irlanda. Sony pag\u00f3 el transporte y el alojamiento para este viaje de dos d\u00edas, pero no hubo ning\u00fan otro pago involucrado. <\/em><\/p>\n<115083-main-buylinks\/>"},"excerpt":{"rendered":"<p>(Por favor presione el bot\u00f3n &#8220;CC&#8221; en YouTube para activar los subt\u00edtulos en Espa\u00f1ol) La Sony a7R IV acaba de ser anunciada, y puede que traiga muchas mejoras para los fot\u00f3grafos dedicados, pero para nosotros los cineastas ofrece muy poco en comparaci\u00f3n con los modelos anteriores de Sony. De hecho, algunas de las especificaciones de video que se encuentran en esta nueva c\u00e1mara, como el muestreo de color, la profundidad de bits, la resoluci\u00f3n, la velocidad de fotogramas, la velocidad de datos y dem\u00e1s, son exactamente las mismas que las de la envejecida Sony A7S II, \u00a1que fue lanzada hace casi 4 a\u00f1os! S\u00e9 que esta es una forma un [&hellip;]<\/p>\n","protected":false},"author":7,"featured_media":115052,"comment_status":"open","ping_status":"closed","sticky":false,"template":"","format":"video","meta":{"footnotes":"","_links_to":"","_links_to_target":""},"categories":[{"id":42290,"name":"Noticias","link":"https:\/\/staging.cined.dev\/es\/noticias\/","slug":"noticias"},{"id":42293,"name":"C\u00e1maras","link":"https:\/\/staging.cined.dev\/es\/noticias\/camaras\/","slug":"camaras"},{"id":42305,"name":"Audio","link":"https:\/\/staging.cined.dev\/es\/noticias\/noticias-audio\/","slug":"noticias-audio"},{"id":42314,"name":"Rese\u00f1as","link":"https:\/\/staging.cined.dev\/es\/resenas\/","slug":"resenas"},{"id":42317,"name":"C\u00e1maras","link":"https:\/\/staging.cined.dev\/es\/resenas\/resenas-camaras-es\/","slug":"resenas-camaras-es"}],"tags":[33311,33378,33379,24280,33380,24426,25441,27073,29109,30725,33305],"tag_label":[],"brand":[],"class_list":["post-115083","post","type-post","status-publish","format-video","has-post-thumbnail","hentry","category-noticias","category-camaras","category-noticias-audio","category-resenas","category-resenas-camaras-es","tag-nueva-sony-a7r-iv","tag-sony-mirrorless-camera-es","tag-nueva-sony-a7r","tag-sony-es","tag-camara-sin-espejo-sony","tag-4k-es","tag-sin-espejo","tag-sony-a7s-iii-es","tag-sony-mirrorless-es","tag-sony-4k-es","tag-sony-a7r-iv-es","post_format-post-format-video"],"yoast_head":"<!-- This site is optimized with the Yoast SEO Premium plugin v20.10 (Yoast SEO v25.3) - https:\/\/yoast.com\/wordpress\/plugins\/seo\/ -->\n<title>Practicamos con la Sony a7R IV \u2013 misma calidad de video, mejor Enfoque Autom\u00e1tico | CineD<\/title>\n<meta name=\"description\" content=\"The Sony a7R IV was announced. Is it any better for capturing videos? The only improvement is the autofocus function.\" \/>\n<meta name=\"robots\" content=\"index, follow, max-snippet:-1, max-image-preview:large, max-video-preview:-1\" \/>\n<link rel=\"canonical\" href=\"https:\/\/staging.cined.dev\/es\/sony-a7r-iv-hands-on-same-video-quality-better-af\/\" \/>\n<meta property=\"og:locale\" content=\"es_ES\" \/>\n<meta property=\"og:type\" content=\"article\" \/>\n<meta property=\"og:title\" content=\"Practicamos con la Sony a7R IV \u2013 misma calidad de video, mejor Enfoque Autom\u00e1tico | CineD\" \/>\n<meta property=\"og:description\" content=\"The Sony a7R IV was announced. Is it any better for capturing videos? The only improvement is the autofocus function.\" \/>\n<meta property=\"og:url\" content=\"https:\/\/staging.cined.dev\/es\/sony-a7r-iv-hands-on-same-video-quality-better-af\/\" \/>\n<meta property=\"og:site_name\" content=\"CineD\" \/>\n<meta property=\"article:publisher\" content=\"http:\/\/www.facebook.com\/C5Dnews\" \/>\n<meta property=\"article:author\" content=\"https:\/\/www.facebook.com\/johnnie.behiri\" \/>\n<meta property=\"article:published_time\" content=\"2019-07-18T16:11:32+00:00\" \/>\n<meta property=\"article:modified_time\" content=\"2019-07-18T17:56:31+00:00\" \/>\n<meta property=\"og:image\" content=\"https:\/\/www.cined.com\/content\/uploads\/2019\/07\/Sony-a7rIV-handson-feat-play.jpg\" \/>\n\t<meta property=\"og:image:width\" content=\"1920\" \/>\n\t<meta property=\"og:image:height\" content=\"1080\" \/>\n\t<meta property=\"og:image:type\" content=\"image\/jpeg\" \/>\n<meta name=\"author\" content=\"Johnnie Behiri\" \/>\n<meta name=\"twitter:card\" content=\"summary_large_image\" \/>\n<meta name=\"twitter:creator\" content=\"@https:\/\/twitter.com\/CineDnews\" \/>\n<meta name=\"twitter:site\" content=\"@c5dnews\" \/>\n<meta name=\"twitter:label1\" content=\"Written by\" \/>\n\t<meta name=\"twitter:data1\" content=\"Johnnie Behiri\" \/>\n\t<meta name=\"twitter:label2\" content=\"Est. reading time\" \/>\n\t<meta name=\"twitter:data2\" content=\"4 minutes\" \/>\n<script type=\"application\/ld+json\" class=\"yoast-schema-graph\">{\"@context\":\"https:\/\/schema.org\",\"@graph\":[{\"@type\":\"Article\",\"@id\":\"https:\/\/staging.cined.dev\/es\/sony-a7r-iv-hands-on-same-video-quality-better-af\/#article\",\"isPartOf\":{\"@id\":\"https:\/\/staging.cined.dev\/es\/sony-a7r-iv-hands-on-same-video-quality-better-af\/\"},\"author\":{\"name\":\"Johnnie Behiri\",\"@id\":\"https:\/\/www.cined.com\/#\/schema\/person\/6da409e97064d10671892fd6b6bde83c\"},\"headline\":\"Practicamos con la Sony a7R IV \u2013 misma calidad de video, mejor Enfoque Autom\u00e1tico\",\"datePublished\":\"2019-07-18T16:11:32+00:00\",\"dateModified\":\"2019-07-18T17:56:31+00:00\",\"mainEntityOfPage\":{\"@id\":\"https:\/\/staging.cined.dev\/es\/sony-a7r-iv-hands-on-same-video-quality-better-af\/\"},\"wordCount\":912,\"commentCount\":1,\"publisher\":{\"@id\":\"https:\/\/www.cined.com\/#organization\"},\"image\":{\"@id\":\"https:\/\/staging.cined.dev\/es\/sony-a7r-iv-hands-on-same-video-quality-better-af\/#primaryimage\"},\"thumbnailUrl\":\"https:\/\/staging.cined.dev\/content\/uploads\/2019\/07\/Sony-a7rIV-handson-feat-play.jpg\",\"keywords\":[\"nueva sony a7r IV\",\"sony mirrorless camera\",\"nueva sony a7r\",\"Sony\",\"c\u00e1mara sin espejo sony\",\"4k\",\"sin espejo\",\"SONY A7S III\",\"sony mirrorless\",\"Sony 4K\",\"Sony A7R IV\"],\"articleSection\":[\"Noticias\",\"C\u00e1maras\",\"Audio\",\"Rese\u00f1as\",\"C\u00e1maras\"],\"inLanguage\":\"es-ES\",\"potentialAction\":[{\"@type\":\"CommentAction\",\"name\":\"Comment\",\"target\":[\"https:\/\/staging.cined.dev\/es\/sony-a7r-iv-hands-on-same-video-quality-better-af\/#respond\"]}]},{\"@type\":\"WebPage\",\"@id\":\"https:\/\/staging.cined.dev\/es\/sony-a7r-iv-hands-on-same-video-quality-better-af\/\",\"url\":\"https:\/\/staging.cined.dev\/es\/sony-a7r-iv-hands-on-same-video-quality-better-af\/\",\"name\":\"Practicamos con la Sony a7R IV \u2013 misma calidad de video, mejor Enfoque Autom\u00e1tico | CineD\",\"isPartOf\":{\"@id\":\"https:\/\/www.cined.com\/#website\"},\"primaryImageOfPage\":{\"@id\":\"https:\/\/staging.cined.dev\/es\/sony-a7r-iv-hands-on-same-video-quality-better-af\/#primaryimage\"},\"image\":{\"@id\":\"https:\/\/staging.cined.dev\/es\/sony-a7r-iv-hands-on-same-video-quality-better-af\/#primaryimage\"},\"thumbnailUrl\":\"https:\/\/staging.cined.dev\/content\/uploads\/2019\/07\/Sony-a7rIV-handson-feat-play.jpg\",\"datePublished\":\"2019-07-18T16:11:32+00:00\",\"dateModified\":\"2019-07-18T17:56:31+00:00\",\"description\":\"The Sony a7R IV was announced. Is it any better for capturing videos? The only improvement is the autofocus function.\",\"inLanguage\":\"es-ES\",\"potentialAction\":[{\"@type\":\"ReadAction\",\"target\":[\"https:\/\/staging.cined.dev\/es\/sony-a7r-iv-hands-on-same-video-quality-better-af\/\"]}]},{\"@type\":\"ImageObject\",\"inLanguage\":\"es-ES\",\"@id\":\"https:\/\/staging.cined.dev\/es\/sony-a7r-iv-hands-on-same-video-quality-better-af\/#primaryimage\",\"url\":\"https:\/\/staging.cined.dev\/content\/uploads\/2019\/07\/Sony-a7rIV-handson-feat-play.jpg\",\"contentUrl\":\"https:\/\/staging.cined.dev\/content\/uploads\/2019\/07\/Sony-a7rIV-handson-feat-play.jpg\",\"width\":1920,\"height\":1080},{\"@type\":\"WebSite\",\"@id\":\"https:\/\/www.cined.com\/#website\",\"url\":\"https:\/\/www.cined.com\/\",\"name\":\"CineD\",\"description\":\"\",\"publisher\":{\"@id\":\"https:\/\/www.cined.com\/#organization\"},\"potentialAction\":[{\"@type\":\"SearchAction\",\"target\":{\"@type\":\"EntryPoint\",\"urlTemplate\":\"https:\/\/www.cined.com\/?s={search_term_string}\"},\"query-input\":{\"@type\":\"PropertyValueSpecification\",\"valueRequired\":true,\"valueName\":\"search_term_string\"}}],\"inLanguage\":\"es-ES\"},{\"@type\":\"Organization\",\"@id\":\"https:\/\/www.cined.com\/#organization\",\"name\":\"CineD\",\"url\":\"https:\/\/www.cined.com\/\",\"logo\":{\"@type\":\"ImageObject\",\"inLanguage\":\"es-ES\",\"@id\":\"https:\/\/www.cined.com\/#\/schema\/logo\/image\/\",\"url\":\"https:\/\/staging.cined.dev\/content\/uploads\/2020\/08\/logo_email.jpg\",\"contentUrl\":\"https:\/\/staging.cined.dev\/content\/uploads\/2020\/08\/logo_email.jpg\",\"width\":313,\"height\":285,\"caption\":\"CineD\"},\"image\":{\"@id\":\"https:\/\/www.cined.com\/#\/schema\/logo\/image\/\"},\"sameAs\":[\"http:\/\/www.facebook.com\/C5Dnews\",\"https:\/\/x.com\/c5dnews\",\"https:\/\/www.youtube.com\/user\/cinema5Dnews\"]},{\"@type\":\"Person\",\"@id\":\"https:\/\/www.cined.com\/#\/schema\/person\/6da409e97064d10671892fd6b6bde83c\",\"name\":\"Johnnie Behiri\",\"image\":{\"@type\":\"ImageObject\",\"inLanguage\":\"es-ES\",\"@id\":\"https:\/\/www.cined.com\/#\/schema\/person\/image\/\",\"url\":\"https:\/\/secure.gravatar.com\/avatar\/0de6b3b1b4acc6b3de5f4c8417175caf508561daee89300453c88b99f6693982?s=96&d=mm&r=g\",\"contentUrl\":\"https:\/\/secure.gravatar.com\/avatar\/0de6b3b1b4acc6b3de5f4c8417175caf508561daee89300453c88b99f6693982?s=96&d=mm&r=g\",\"caption\":\"Johnnie Behiri\"},\"description\":\"Johnnie Behiri is a documentary cameraman\/editor\/producer\/director. He is also a Co-Owner\/CEO of CineD and MZed\",\"sameAs\":[\"http:\/\/www.cined.com\",\"https:\/\/www.facebook.com\/johnnie.behiri\",\"https:\/\/www.instagram.com\/cinednews\/\",\"https:\/\/x.com\/https:\/\/twitter.com\/CineDnews\",\"https:\/\/www.youtube.com\/CineD\"],\"url\":\"https:\/\/staging.cined.dev\/es\/author\/johnnie\/\"}]}<\/script>\n<!-- \/ Yoast SEO Premium plugin. -->","yoast_head_json":{"title":"Practicamos con la Sony a7R IV \u2013 misma calidad de video, mejor Enfoque Autom\u00e1tico | CineD","description":"The Sony a7R IV was announced. Is it any better for capturing videos? The only improvement is the autofocus function.","robots":{"index":"index","follow":"follow","max-snippet":"max-snippet:-1","max-image-preview":"max-image-preview:large","max-video-preview":"max-video-preview:-1"},"canonical":"https:\/\/staging.cined.dev\/es\/sony-a7r-iv-hands-on-same-video-quality-better-af\/","og_locale":"es_ES","og_type":"article","og_title":"Practicamos con la Sony a7R IV \u2013 misma calidad de video, mejor Enfoque Autom\u00e1tico | CineD","og_description":"The Sony a7R IV was announced. Is it any better for capturing videos? The only improvement is the autofocus function.","og_url":"https:\/\/staging.cined.dev\/es\/sony-a7r-iv-hands-on-same-video-quality-better-af\/","og_site_name":"CineD","article_publisher":"http:\/\/www.facebook.com\/C5Dnews","article_author":"https:\/\/www.facebook.com\/johnnie.behiri","article_published_time":"2019-07-18T16:11:32+00:00","article_modified_time":"2019-07-18T17:56:31+00:00","og_image":[{"width":1920,"height":1080,"url":"https:\/\/www.cined.com\/content\/uploads\/2019\/07\/Sony-a7rIV-handson-feat-play.jpg","type":"image\/jpeg"}],"author":"Johnnie Behiri","twitter_card":"summary_large_image","twitter_creator":"@https:\/\/twitter.com\/CineDnews","twitter_site":"@c5dnews","twitter_misc":{"Written by":"Johnnie Behiri","Est. reading time":"4 minutes"},"schema":{"@context":"https:\/\/schema.org","@graph":[{"@type":"Article","@id":"https:\/\/staging.cined.dev\/es\/sony-a7r-iv-hands-on-same-video-quality-better-af\/#article","isPartOf":{"@id":"https:\/\/staging.cined.dev\/es\/sony-a7r-iv-hands-on-same-video-quality-better-af\/"},"author":{"name":"Johnnie Behiri","@id":"https:\/\/www.cined.com\/#\/schema\/person\/6da409e97064d10671892fd6b6bde83c"},"headline":"Practicamos con la Sony a7R IV \u2013 misma calidad de video, mejor Enfoque Autom\u00e1tico","datePublished":"2019-07-18T16:11:32+00:00","dateModified":"2019-07-18T17:56:31+00:00","mainEntityOfPage":{"@id":"https:\/\/staging.cined.dev\/es\/sony-a7r-iv-hands-on-same-video-quality-better-af\/"},"wordCount":912,"commentCount":1,"publisher":{"@id":"https:\/\/www.cined.com\/#organization"},"image":{"@id":"https:\/\/staging.cined.dev\/es\/sony-a7r-iv-hands-on-same-video-quality-better-af\/#primaryimage"},"thumbnailUrl":"https:\/\/staging.cined.dev\/content\/uploads\/2019\/07\/Sony-a7rIV-handson-feat-play.jpg","keywords":["nueva sony a7r IV","sony mirrorless camera","nueva sony a7r","Sony","c\u00e1mara sin espejo sony","4k","sin espejo","SONY A7S III","sony mirrorless","Sony 4K","Sony A7R IV"],"articleSection":["Noticias","C\u00e1maras","Audio","Rese\u00f1as","C\u00e1maras"],"inLanguage":"es-ES","potentialAction":[{"@type":"CommentAction","name":"Comment","target":["https:\/\/staging.cined.dev\/es\/sony-a7r-iv-hands-on-same-video-quality-better-af\/#respond"]}]},{"@type":"WebPage","@id":"https:\/\/staging.cined.dev\/es\/sony-a7r-iv-hands-on-same-video-quality-better-af\/","url":"https:\/\/staging.cined.dev\/es\/sony-a7r-iv-hands-on-same-video-quality-better-af\/","name":"Practicamos con la Sony a7R IV \u2013 misma calidad de video, mejor Enfoque Autom\u00e1tico | CineD","isPartOf":{"@id":"https:\/\/www.cined.com\/#website"},"primaryImageOfPage":{"@id":"https:\/\/staging.cined.dev\/es\/sony-a7r-iv-hands-on-same-video-quality-better-af\/#primaryimage"},"image":{"@id":"https:\/\/staging.cined.dev\/es\/sony-a7r-iv-hands-on-same-video-quality-better-af\/#primaryimage"},"thumbnailUrl":"https:\/\/staging.cined.dev\/content\/uploads\/2019\/07\/Sony-a7rIV-handson-feat-play.jpg","datePublished":"2019-07-18T16:11:32+00:00","dateModified":"2019-07-18T17:56:31+00:00","description":"The Sony a7R IV was announced. Is it any better for capturing videos? The only improvement is the autofocus function.","inLanguage":"es-ES","potentialAction":[{"@type":"ReadAction","target":["https:\/\/staging.cined.dev\/es\/sony-a7r-iv-hands-on-same-video-quality-better-af\/"]}]},{"@type":"ImageObject","inLanguage":"es-ES","@id":"https:\/\/staging.cined.dev\/es\/sony-a7r-iv-hands-on-same-video-quality-better-af\/#primaryimage","url":"https:\/\/staging.cined.dev\/content\/uploads\/2019\/07\/Sony-a7rIV-handson-feat-play.jpg","contentUrl":"https:\/\/staging.cined.dev\/content\/uploads\/2019\/07\/Sony-a7rIV-handson-feat-play.jpg","width":1920,"height":1080},{"@type":"WebSite","@id":"https:\/\/www.cined.com\/#website","url":"https:\/\/www.cined.com\/","name":"CineD","description":"","publisher":{"@id":"https:\/\/www.cined.com\/#organization"},"potentialAction":[{"@type":"SearchAction","target":{"@type":"EntryPoint","urlTemplate":"https:\/\/www.cined.com\/?s={search_term_string}"},"query-input":{"@type":"PropertyValueSpecification","valueRequired":true,"valueName":"search_term_string"}}],"inLanguage":"es-ES"},{"@type":"Organization","@id":"https:\/\/www.cined.com\/#organization","name":"CineD","url":"https:\/\/www.cined.com\/","logo":{"@type":"ImageObject","inLanguage":"es-ES","@id":"https:\/\/www.cined.com\/#\/schema\/logo\/image\/","url":"https:\/\/staging.cined.dev\/content\/uploads\/2020\/08\/logo_email.jpg","contentUrl":"https:\/\/staging.cined.dev\/content\/uploads\/2020\/08\/logo_email.jpg","width":313,"height":285,"caption":"CineD"},"image":{"@id":"https:\/\/www.cined.com\/#\/schema\/logo\/image\/"},"sameAs":["http:\/\/www.facebook.com\/C5Dnews","https:\/\/x.com\/c5dnews","https:\/\/www.youtube.com\/user\/cinema5Dnews"]},{"@type":"Person","@id":"https:\/\/www.cined.com\/#\/schema\/person\/6da409e97064d10671892fd6b6bde83c","name":"Johnnie Behiri","image":{"@type":"ImageObject","inLanguage":"es-ES","@id":"https:\/\/www.cined.com\/#\/schema\/person\/image\/","url":"https:\/\/secure.gravatar.com\/avatar\/0de6b3b1b4acc6b3de5f4c8417175caf508561daee89300453c88b99f6693982?s=96&d=mm&r=g","contentUrl":"https:\/\/secure.gravatar.com\/avatar\/0de6b3b1b4acc6b3de5f4c8417175caf508561daee89300453c88b99f6693982?s=96&d=mm&r=g","caption":"Johnnie Behiri"},"description":"Johnnie Behiri is a documentary cameraman\/editor\/producer\/director. He is also a Co-Owner\/CEO of CineD and MZed","sameAs":["http:\/\/www.cined.com","https:\/\/www.facebook.com\/johnnie.behiri","https:\/\/www.instagram.com\/cinednews\/","https:\/\/x.com\/https:\/\/twitter.com\/CineDnews","https:\/\/www.youtube.com\/CineD"],"url":"https:\/\/staging.cined.dev\/es\/author\/johnnie\/"}]}},"feature_image_url":"https:\/\/staging.cined.dev\/content\/uploads\/2019\/07\/Sony-a7rIV-handson-feat-play.jpg","images":[{"url":"https:\/\/staging.cined.dev\/content\/uploads\/2019\/07\/Sony-a7rIV-handson-feat-play.jpg","width":978,"height":550,"type":"thumbnail"},{"url":"https:\/\/staging.cined.dev\/content\/uploads\/2019\/07\/Sony-a7rIV-handson-feat-play.jpg","width":370,"height":208,"type":"thumbnail"},{"url":"https:\/\/staging.cined.dev\/content\/uploads\/2019\/07\/Sony-a7rIV-handson-feat-play.jpg","width":740,"height":416,"type":"thumbnail"},{"url":"https:\/\/staging.cined.dev\/content\/uploads\/2019\/07\/Sony-a7rIV-handson-feat-play.jpg","width":770,"height":433,"type":"thumbnail"},{"url":"https:\/\/staging.cined.dev\/content\/uploads\/2019\/07\/Sony-a7rIV-handson-feat-play.jpg","width":385,"height":217,"type":"thumbnail"},{"url":"https:\/\/staging.cined.dev\/content\/uploads\/2019\/07\/Sony-a7rIV-handson-feat-play.jpg","width":1300,"height":731,"type":"featured"},{"url":"https:\/\/staging.cined.dev\/content\/uploads\/2019\/07\/Sony-a7rIV-handson-feat-play.jpg","width":1600,"height":900,"type":"featured"}],"custom_labels":null,"mzed_course":{"content":null,"uuid":null},"buylinks":{"main_buylinks":{"uuid":"115083-main-buylinks","content":"<div id=\"initial-buylinks\" class=\"alternative-links\">\n\t<div class=\"affilite-banner-block\">\n\t\t<div class=\"row\">\n\t\t\t<div class=\"col l3 m3 s12 center affilate-logo\">\t\t\t\t\t\n\t\t\t\t<img src=\"https:\/\/staging.cined.dev\/content\/themes\/cinemad\/assets\/images\/icons\/cined-logo-affilate-white.png\" alt=\"Logo\">\n\t\t\t<\/div>\n\t\t\t<div class=\"col l9 m9 s12 affilite-banner-content\">\n\t\t\t\t<h4>Apoya a CineD. Compra con nuestros socios.<\/h4>\n\t\t\t\t<h2>Apoya a CineD. Compra con nuestros socios.<\/h2>\n\t\t\t\t<span class=\"sub-content\">Nuestras rese\u00f1as siempre son imparciales.<\/span>\n\t\t\t\t<div class=\"clear\"><\/div>\n\t\t\t\t<a href=\"https:\/\/www.cined.com\/es\/nuestros-principios\/\" class=\"affiliates-button\">Conoce m\u00e1s sobre nuestros principios<\/a>\n\t\t\t<\/div>\n\t\t<\/div>\n\t<\/div>\n\t<div class=\"alternative-links-inner link-initial\"><div class=\"row\"><div class=\"col l9 m12 s12 offset-l3\"><header>Sony A7R IVa Mirrorless Camera - Body Only<\/header><\/div><\/div><div class=\"row\"><div class=\"col l3 m12 s12 alternative-links-thumb\"><img src=\"https:\/\/cvp.com\/images\/products\/03-09-2021163066029925-02-20201582624676main-image-w-award.jpg\" alt=\"Sony A7R IVa Mirrorless Camera - Body Only\"><\/div><div class=\"col l8 m12 s12 alternative-link-data offset-l1\"><div class=\"row\"><div class=\"col s3 link-logo\"><span class=\"cvp-logo\"><\/span><\/div><div class=\"col s2 link-flag no-padding\"><span class=\"link-flags link-flag-eu\"><\/span><\/div><div class=\"col s7 link-price no-padding\"><a class=\"btn\" href=\"https:\/\/cvp.com\/product\/sony-a7iv-mirrorless-camera?aff_id=101\" target=\"_blank\" rel=\"nofollow noopener noreferrer\">\u20ac 2,887.31<i class=\"material-icons dp48\">arrow_forward<\/i><\/a><\/div><\/div><div class=\"row\"><div class=\"col l8 s7 link-price vat-notice center-align\"><strong>all prices excluding sales tax\/VAT<\/strong><\/div><\/div><\/div><\/div><\/div><\/div>"},"inline_buylinks":{"uuid":"115083-inline-buylinks","content":"<div class=\"alternative-links alternative-links-minimal\"><div class=\"alternative-links-inner\"><div class=\"link-product-name\"><strong>Sony A7R IVa Mirrorless Camera - Body Only<\/strong><\/div><div class=\"row\"><div class=\"col s3 link-logo\"><span class=\"cvp-logo\"><\/span><\/div><div class=\"col s2 link-flag no-padding\"><span class=\"link-flags link-flag-eu\"><\/span><\/div><div class=\"col s7 link-price no-padding\"><a class=\"btn\" href=\"https:\/\/cvp.com\/product\/sony-a7iv-mirrorless-camera?aff_id=101\" target=\"_blank\" rel=\"nofollow noopener noreferrer\">\u20ac 2,887.31<i class=\"material-icons dp48\">arrow_forward<\/i><\/a><\/div><\/div><div class=\"row vat-notice-minimal\"><div class=\"col l8 s7 link-price vat-notice center-align\"><strong>all prices excluding sales tax\/VAT<\/strong><\/div><\/div><\/div><\/div>"}},"total_comments":0,"related_articles":[{"id":350086,"title":"Anuncian el Lente Tamron 28-300mm f\/4-7.1 Di III VC VXD para Montura Sony E","url":"https:\/\/staging.cined.dev\/es\/tamron-28-300mm-f-4-7-1-di-iii-vc-vxd-lens-for-sony-e-mount-announced\/","author":9439,"author_details":{"display_name":"Jose Prada","first_name":"Jose","last_name":"Prada"},"publish_date":"August, 12 2024","feature_image_url":"https:\/\/staging.cined.dev\/content\/uploads\/2024\/08\/Tamron-28-300mm.jpg","images":[{"url":"https:\/\/staging.cined.dev\/content\/uploads\/2024\/08\/Tamron-28-300mm-1024x550.jpg","width":1024,"height":550,"type":"thumbnail"},{"url":"https:\/\/staging.cined.dev\/content\/uploads\/2024\/08\/Tamron-28-300mm-370x230.jpg","width":370,"height":230,"type":"thumbnail"},{"url":"https:\/\/staging.cined.dev\/content\/uploads\/2024\/08\/Tamron-28-300mm-740x460.jpg","width":740,"height":460,"type":"thumbnail"},{"url":"https:\/\/staging.cined.dev\/content\/uploads\/2024\/08\/Tamron-28-300mm-770x440.jpg","width":770,"height":440,"type":"thumbnail"},{"url":"https:\/\/staging.cined.dev\/content\/uploads\/2024\/08\/Tamron-28-300mm-385x220.jpg","width":385,"height":220,"type":"thumbnail"},{"url":"https:\/\/staging.cined.dev\/content\/uploads\/2024\/08\/Tamron-28-300mm-1300x750.jpg","width":1300,"height":750,"type":"featured"},{"url":"https:\/\/staging.cined.dev\/content\/uploads\/2024\/08\/Tamron-28-300mm-1600x900.jpg","width":1600,"height":900,"type":"featured"}],"categories":[{"id":42290,"name":"Noticias","link":"https:\/\/staging.cined.dev\/es\/noticias\/","slug":"noticias"},{"id":42296,"name":"Lentes","link":"https:\/\/staging.cined.dev\/es\/noticias\/lentes\/","slug":"lentes"}],"custom_labels":[{"id":52841,"name":"Lens News","link":"https:\/\/staging.cined.dev\/es\/labels\/lens-news-es\/","slug":"lens-news-es"}],"total_comments":0,"video_url":""},{"id":348072,"title":"Las Ventas de C\u00e1maras Alcanzaron su Nivel m\u00e1s Alto en Tres A\u00f1os","url":"https:\/\/staging.cined.dev\/es\/camera-sales-hit-their-highest-level-in-three-years\/","author":40219,"author_details":{"display_name":"Omri Keren Lapidot","first_name":"Omri","last_name":"Keren Lapidot"},"publish_date":"July, 22 2024","feature_image_url":"https:\/\/staging.cined.dev\/content\/uploads\/2024\/07\/Main-2.jpg","images":[{"url":"https:\/\/staging.cined.dev\/content\/uploads\/2024\/07\/Main-2-1024x550.jpg","width":1024,"height":550,"type":"thumbnail"},{"url":"https:\/\/staging.cined.dev\/content\/uploads\/2024\/07\/Main-2-370x230.jpg","width":370,"height":230,"type":"thumbnail"},{"url":"https:\/\/staging.cined.dev\/content\/uploads\/2024\/07\/Main-2-740x460.jpg","width":740,"height":460,"type":"thumbnail"},{"url":"https:\/\/staging.cined.dev\/content\/uploads\/2024\/07\/Main-2-770x440.jpg","width":770,"height":440,"type":"thumbnail"},{"url":"https:\/\/staging.cined.dev\/content\/uploads\/2024\/07\/Main-2-385x220.jpg","width":385,"height":220,"type":"thumbnail"},{"url":"https:\/\/staging.cined.dev\/content\/uploads\/2024\/07\/Main-2-1300x750.jpg","width":1300,"height":750,"type":"featured"},{"url":"https:\/\/staging.cined.dev\/content\/uploads\/2024\/07\/Main-2-1600x900.jpg","width":1600,"height":900,"type":"featured"}],"categories":[{"id":42290,"name":"Noticias","link":"https:\/\/staging.cined.dev\/es\/noticias\/","slug":"noticias"},{"id":42280,"name":"Industria","link":"https:\/\/staging.cined.dev\/es\/noticias\/industria\/","slug":"industria"}],"custom_labels":[{"id":55626,"name":"Industry News","link":"https:\/\/staging.cined.dev\/es\/labels\/industry-news-es\/","slug":"industry-news-es"}],"total_comments":0,"video_url":""},{"id":347064,"title":"Anuncian la Sony ZV-E10 II - Modo Vlog cinematogr\u00e1fico, grabaci\u00f3n 4K\/60p y m\u00e1s","url":"https:\/\/staging.cined.dev\/es\/sony-zv-e10-ii-announced-featuring-a-cinematic-vlog-mode-4k-60p-recording-and-more\/","author":15720,"author_details":{"display_name":"Jeff Loch","first_name":"Jeff","last_name":"Loch"},"publish_date":"July, 10 2024","feature_image_url":"https:\/\/staging.cined.dev\/content\/uploads\/2024\/07\/Sony-ZV-E10-II-4.jpg","images":[{"url":"https:\/\/staging.cined.dev\/content\/uploads\/2024\/07\/Sony-ZV-E10-II-4-1024x550.jpg","width":1024,"height":550,"type":"thumbnail"},{"url":"https:\/\/staging.cined.dev\/content\/uploads\/2024\/07\/Sony-ZV-E10-II-4-370x230.jpg","width":370,"height":230,"type":"thumbnail"},{"url":"https:\/\/staging.cined.dev\/content\/uploads\/2024\/07\/Sony-ZV-E10-II-4-740x460.jpg","width":740,"height":460,"type":"thumbnail"},{"url":"https:\/\/staging.cined.dev\/content\/uploads\/2024\/07\/Sony-ZV-E10-II-4-770x440.jpg","width":770,"height":440,"type":"thumbnail"},{"url":"https:\/\/staging.cined.dev\/content\/uploads\/2024\/07\/Sony-ZV-E10-II-4-385x220.jpg","width":385,"height":220,"type":"thumbnail"},{"url":"https:\/\/staging.cined.dev\/content\/uploads\/2024\/07\/Sony-ZV-E10-II-4-1300x750.jpg","width":1300,"height":750,"type":"featured"},{"url":"https:\/\/staging.cined.dev\/content\/uploads\/2024\/07\/Sony-ZV-E10-II-4-1600x900.jpg","width":1600,"height":900,"type":"featured"}],"categories":[{"id":42290,"name":"Noticias","link":"https:\/\/staging.cined.dev\/es\/noticias\/","slug":"noticias"},{"id":42293,"name":"C\u00e1maras","link":"https:\/\/staging.cined.dev\/es\/noticias\/camaras\/","slug":"camaras"}],"custom_labels":[{"id":53275,"name":"Camera News","link":"https:\/\/staging.cined.dev\/es\/labels\/camera-news-es\/","slug":"camera-news-es"}],"total_comments":0,"video_url":""}],"video_url":"https:\/\/www.youtube.com\/watch?v=7E10rv27hqI","url":"https:\/\/staging.cined.dev\/es\/sony-a7r-iv-hands-on-same-video-quality-better-af\/","author_details":{"display_name":"Johnnie Behiri","first_name":"Johnnie","last_name":"Behiri","avatar":"https:\/\/staging.cined.dev\/content\/uploads\/userphoto\/10426776_796521990405487_1642881185345635726_n.jpeg"},"show_author":true,"cached":true,"likes":1,"_links":{"self":[{"href":"https:\/\/staging.cined.dev\/es\/wp-json\/wp\/v2\/posts\/115083","targetHints":{"allow":["GET"]}}],"collection":[{"href":"https:\/\/staging.cined.dev\/es\/wp-json\/wp\/v2\/posts"}],"about":[{"href":"https:\/\/staging.cined.dev\/es\/wp-json\/wp\/v2\/types\/post"}],"author":[{"embeddable":true,"href":"https:\/\/staging.cined.dev\/es\/wp-json\/wp\/v2\/users\/7"}],"replies":[{"embeddable":true,"href":"https:\/\/staging.cined.dev\/es\/wp-json\/wp\/v2\/comments?post=115083"}],"version-history":[{"count":3,"href":"https:\/\/staging.cined.dev\/es\/wp-json\/wp\/v2\/posts\/115083\/revisions"}],"predecessor-version":[{"id":115086,"href":"https:\/\/staging.cined.dev\/es\/wp-json\/wp\/v2\/posts\/115083\/revisions\/115086"}],"wp:featuredmedia":[{"embeddable":true,"href":"https:\/\/staging.cined.dev\/es\/wp-json\/wp\/v2\/media\/115052"}],"wp:attachment":[{"href":"https:\/\/staging.cined.dev\/es\/wp-json\/wp\/v2\/media?parent=115083"}],"wp:term":[{"taxonomy":"category","embeddable":true,"href":"https:\/\/staging.cined.dev\/es\/wp-json\/wp\/v2\/categories?post=115083"},{"taxonomy":"post_tag","embeddable":true,"href":"https:\/\/staging.cined.dev\/es\/wp-json\/wp\/v2\/tags?post=115083"},{"taxonomy":"tag_label","embeddable":true,"href":"https:\/\/staging.cined.dev\/es\/wp-json\/wp\/v2\/tag_label?post=115083"},{"taxonomy":"brand","embeddable":true,"href":"https:\/\/staging.cined.dev\/es\/wp-json\/wp\/v2\/brand?post=115083"}],"curies":[{"name":"wp","href":"https:\/\/api.w.org\/{rel}","templated":true}]}}