{"id":121559,"date":"2019-10-08T17:40:06","date_gmt":"2019-10-08T15:40:06","guid":{"rendered":"https:\/\/www.cined.com\/?p=121559"},"modified":"2019-10-08T21:32:41","modified_gmt":"2019-10-08T19:32:41","slug":"apple-updates-final-cut-pro-1047-significant-performance-improvements","status":"publish","type":"post","link":"https:\/\/staging.cined.dev\/es\/apple-updates-final-cut-pro-1047-significant-performance-improvements\/","title":{"rendered":"Apple actualiza Final Cut Pro X 10.4.7 con importantes mejoras en el rendimiento"},"content":{"rendered":"<p><strong>Despu\u00e9s del lanzamiento de macOS 15 Catalina, Apple tambi\u00e9n actualiz\u00f3 Final Cut Pro X a la versi\u00f3n 10.4.7. La mayor\u00eda de los cambios en esta nueva versi\u00f3n no se ven a simple vista. Final Cut Pro X 10.4.7 est\u00e1 ampliamente optimizado para el nuevo sistema operativo, y para las <a href=\"https:\/\/www.cined.com\/es\/mac-pro-and-pro-display-xdr-announced-monster-specifications-at-a-price\/\">Mac Pro y los Pro Display XDR<\/a> que est\u00e1n por salir. \u00a1Veamos m\u00e1s de cerca!<br \/>\n<\/strong><\/p>\n<div id=\"attachment_121543\" style=\"width: 650px\" class=\"wp-caption aligncenter\"><a href=\"https:\/\/www.cined.com\/content\/uploads\/2019\/10\/FinalCutProX_1047_Featured.jpg\"><img loading=\"lazy\" decoding=\"async\" aria-describedby=\"caption-attachment-121543\" class=\"size-large wp-image-121543\" src=\"https:\/\/www.cined.com\/content\/uploads\/2019\/10\/FinalCutProX_1047_Featured-640x360.jpg\" alt=\"FinalCutProX_1047_Featured\" width=\"640\" height=\"360\" srcset=\"https:\/\/staging.cined.dev\/content\/uploads\/2019\/10\/FinalCutProX_1047_Featured-640x360.jpg 640w, https:\/\/staging.cined.dev\/content\/uploads\/2019\/10\/FinalCutProX_1047_Featured-300x169.jpg 300w, https:\/\/staging.cined.dev\/content\/uploads\/2019\/10\/FinalCutProX_1047_Featured-768x432.jpg 768w, https:\/\/staging.cined.dev\/content\/uploads\/2019\/10\/FinalCutProX_1047_Featured-340x190.jpg 340w, https:\/\/staging.cined.dev\/content\/uploads\/2019\/10\/FinalCutProX_1047_Featured-409x230.jpg 409w, https:\/\/staging.cined.dev\/content\/uploads\/2019\/10\/FinalCutProX_1047_Featured.jpg 1280w\" sizes=\"auto, (max-width: 640px) 100vw, 640px\" \/><\/a><p id=\"caption-attachment-121543\" class=\"wp-caption-text\">Final Cut Pro X 10.4.7 est\u00e1 optimizado para las nuevas Mac Pro y los nuevos Pro Display XDR. Cr\u00e9dito de imagen: Apple<\/p><\/div>\n<h2>Actualizaci\u00f3n de Final Cut Pro X 10.4.7<\/h2>\n<p>La nueva Mac Pro y el Pro Display XDR se anunciaron en junio, y parece que Apple ha comenzado a actualizar todo su software -incluyendo macOS con el lanzamiento de macOS 15 Catalina- para soportar completamente estas nuevas bestias de hardware. El gigante con sede en Cupertino acaba de anunciar una nueva actualizaci\u00f3n de su editor no lineal Final Cut Pro X, que ha estado en el mercado desde hace ocho a\u00f1os.<\/p>\n<p>Si est\u00e1s buscando caracter\u00edsticas innovadoras en esta nueva actualizaci\u00f3n de Final Cut Pro X 10.4.7, seamos sinceros, te sentir\u00e1s decepcionado. De hecho, la mayor\u00eda de los cambios en el NLE no est\u00e1n a la vista. Si eres usuario habitual de FCP X, ver\u00e1s mejoras de rendimiento gracias a un nuevo motor de procesamiento basado en Metal. Este nuevo motor de procesamiento Metal mejorar\u00e1 las velocidades de reproducci\u00f3n, as\u00ed como las tareas de renderizaci\u00f3n \/ composici\u00f3n \/ efectos en tiempo real \/ exportaci\u00f3n, etc. Si est\u00e1s utilizando una MacBook Pro de 15 pulgadas, Apple afirma una mejora del rendimiento del 20 por ciento, mientras que los usuarios de  <a href=\"https:\/\/www.bhphotovideo.com\/c\/product\/1380894-REG\/apple_z_8c1_bh_27_imac_pro_with.html\/BI\/7953\/KBID\/8488\/\" class=\"content-keyword-linked\" target=\"_blank\" rel=\"nofollow noopener noreferrer\">iMac Pro<\/a> ver\u00e1n ganancias de hasta el 35 por ciento.<\/p>\n<div id=\"attachment_121549\" style=\"width: 650px\" class=\"wp-caption aligncenter\"><a href=\"https:\/\/www.cined.com\/content\/uploads\/2019\/10\/FinalCutProX_1047_02.jpg\"><img loading=\"lazy\" decoding=\"async\" aria-describedby=\"caption-attachment-121549\" class=\"size-large wp-image-121549\" src=\"https:\/\/www.cined.com\/content\/uploads\/2019\/10\/FinalCutProX_1047_02-640x360.jpg\" alt=\"FinalCutProX_1047_02\" width=\"640\" height=\"360\" srcset=\"https:\/\/staging.cined.dev\/content\/uploads\/2019\/10\/FinalCutProX_1047_02-640x360.jpg 640w, https:\/\/staging.cined.dev\/content\/uploads\/2019\/10\/FinalCutProX_1047_02-300x169.jpg 300w, https:\/\/staging.cined.dev\/content\/uploads\/2019\/10\/FinalCutProX_1047_02-768x432.jpg 768w, https:\/\/staging.cined.dev\/content\/uploads\/2019\/10\/FinalCutProX_1047_02-340x190.jpg 340w, https:\/\/staging.cined.dev\/content\/uploads\/2019\/10\/FinalCutProX_1047_02-409x230.jpg 409w, https:\/\/staging.cined.dev\/content\/uploads\/2019\/10\/FinalCutProX_1047_02.jpg 1280w\" sizes=\"auto, (max-width: 640px) 100vw, 640px\" \/><\/a><p id=\"caption-attachment-121549\" class=\"wp-caption-text\">Los usuarios de MacBook Pro de 15 pulgadas se beneficiar\u00e1n de las mejoras de rendimiento hasta un 20 por ciento m\u00e1s r\u00e1pido con Final Cut Pro X 10.4.7. Cr\u00e9dito de imagen: Apple<\/p><\/div>\n<p>Buenas noticias para los usuarios que necesitan mucha potencia; Final Cut Pro X 10.4.7 ahora es compatible con m\u00faltiples GPU, incluidas las flamantes Radeon Pro Vega II y Radeon Pro Vega II Duo de la nueva Mac Pro. Adem\u00e1s, admite hasta 28 n\u00facleos de CPU, por lo que si est\u00e1s utilizando una  iMac Pro o la nueva Mac Pro, te beneficiar\u00e1s de todos los n\u00facleos adicionales.<\/p>\n<p>Aqu\u00ed hay un resumen r\u00e1pido de todas las otras mejoras en esta actualizaci\u00f3n de Final Cut Pro X 10.4.7:<\/p>\n<ul>\n<li>Final Cut Pro funciona con la nueva funci\u00f3n Sidecar de macOS Catalina. Esta funci\u00f3n te permite ampliar tu espacio de trabajo en Mac utilizando un iPad como segunda pantalla. Sidecar funciona con FCP X.<\/li>\n<li>FCP X 10.4.7 puede usar la tarjeta Afterburner para mejorar enormemente el rendimiento de reproducci\u00f3n cuando se trabaja con ProRes y ProRes RAW.<\/li>\n<li>Puedes conectar hasta tres monitores Pro Display XDR a la Mac Pro (si tienes una billetera abultada). Dos para la interfaz FCP X y uno para fines de monitoreo. Adem\u00e1s, puedes usar el Pro Display XDR para editar y hacer el color de contenidos de video HDR. Si utilizas el Pro Display XDR, es posible ver im\u00e1genes HDR asignadas por tonos a pantallas SDR compatibles cuando se utiliza Final Cut Pro en macOS Catalina.<\/li>\n<li>En cuanto al HDR, puedes hacer el color del material HDR con una m\u00e1scara de color mejorada y herramientas de aislamiento de rango.<\/li>\n<li>Algo que hemos estado esperando durante mucho tiempo: selecciona qu\u00e9 GPU interna o externa utilizas para acelerar el procesamiento de gr\u00e1ficos.<\/li>\n<\/ul>\n<p>Al mismo tiempo, Apple tambi\u00e9n ha actualizado Motion a la versi\u00f3n 5.4.4 y Compressor a la versi\u00f3n 4.4.5 junto con FCP X. Las mejoras en ambos software son id\u00e9nticas a las de FCP X.<\/p>\n<div id=\"attachment_121546\" style=\"width: 650px\" class=\"wp-caption aligncenter\"><a href=\"https:\/\/www.cined.com\/content\/uploads\/2019\/10\/FinalCutProX_1047_01.jpg\"><img loading=\"lazy\" decoding=\"async\" aria-describedby=\"caption-attachment-121546\" class=\"size-large wp-image-121546\" src=\"https:\/\/www.cined.com\/content\/uploads\/2019\/10\/FinalCutProX_1047_01-640x360.jpg\" alt=\"FinalCutProX_1047_01\" width=\"640\" height=\"360\" srcset=\"https:\/\/staging.cined.dev\/content\/uploads\/2019\/10\/FinalCutProX_1047_01-640x360.jpg 640w, https:\/\/staging.cined.dev\/content\/uploads\/2019\/10\/FinalCutProX_1047_01-300x169.jpg 300w, https:\/\/staging.cined.dev\/content\/uploads\/2019\/10\/FinalCutProX_1047_01-768x432.jpg 768w, https:\/\/staging.cined.dev\/content\/uploads\/2019\/10\/FinalCutProX_1047_01-340x190.jpg 340w, https:\/\/staging.cined.dev\/content\/uploads\/2019\/10\/FinalCutProX_1047_01-409x230.jpg 409w, https:\/\/staging.cined.dev\/content\/uploads\/2019\/10\/FinalCutProX_1047_01.jpg 1280w\" sizes=\"auto, (max-width: 640px) 100vw, 640px\" \/><\/a><p id=\"caption-attachment-121546\" class=\"wp-caption-text\">Puedes usar hasta tres unidades Pro Display XDR conectadas a la Mac Pro. Cr\u00e9dito de imagen: Apple<\/p><\/div>\n<h2>Precios y disponibilidad<\/h2>\n<p><a href=\"https:\/\/www.apple.com\/final-cut-pro\/\" target=\"_blank\" rel=\"noopener\">Final Cut Pro X 10.4.7<\/a>, <a href=\"https:\/\/www.apple.com\/final-cut-pro\/motion\/\" target=\"_blank\" rel=\"noopener\">Motion 5.4.4<\/a>, y <a href=\"https:\/\/www.apple.com\/final-cut-pro\/compressor\/\" target=\"_blank\" rel=\"noopener\">Compressor 4.4.5<\/a> est\u00e1n disponibles hoy como una actualizaci\u00f3n gratuita para todos los usuarios existentes. Si a\u00fan no tienes una licencia, puedes descargarla en la <a href=\"https:\/\/apps.apple.com\/us\/app\/final-cut-pro\/id424389933?mt=12\" target=\"_blank\" rel=\"noopener\">Mac App Store por $299,99<\/a>. Es genial que Apple nunca haya cobrado por las actualizaciones de FCPX hasta ahora.<\/p>\n<p><strong>\u00bfUsas Final Cut Pro X o cambiaste a Avid, DaVinci Resolve, Adobe Premiere u otro NLE? \u00bfEst\u00e1s esperando que salgan las nuevas Mac Pro y los nuevos Pro Display XDR? \u00a1Cu\u00e9ntanos en los comentarios!<\/strong><\/p>\n<121559-main-buylinks\/>","protected":false,"clean_render":"<p><strong>Despu\u00e9s del lanzamiento de macOS 15 Catalina, Apple tambi\u00e9n actualiz\u00f3 Final Cut Pro X a la versi\u00f3n 10.4.7. La mayor\u00eda de los cambios en esta nueva versi\u00f3n no se ven a simple vista. Final Cut Pro X 10.4.7 est\u00e1 ampliamente optimizado para el nuevo sistema operativo, y para las <a href=\"https:\/\/www.cined.com\/es\/mac-pro-and-pro-display-xdr-announced-monster-specifications-at-a-price\/\">Mac Pro y los Pro Display XDR<\/a> que est\u00e1n por salir. \u00a1Veamos m\u00e1s de cerca!<br \/>\n<\/strong><\/p>\n<div id=\"attachment_121543\"  class=\"wp-caption aligncenter\"><a href=\"https:\/\/www.cined.com\/content\/uploads\/2019\/10\/FinalCutProX_1047_Featured.jpg\"><img loading=\"lazy\" decoding=\"async\" aria-describedby=\"caption-attachment-121543\" class=\"size-large wp-image-121543\" src=\"https:\/\/www.cined.com\/content\/uploads\/2019\/10\/FinalCutProX_1047_Featured-640x360.jpg\" alt=\"FinalCutProX_1047_Featured\" width=\"640\" height=\"360\" srcset=\"https:\/\/staging.cined.dev\/content\/uploads\/2019\/10\/FinalCutProX_1047_Featured-640x360.jpg 640w, https:\/\/staging.cined.dev\/content\/uploads\/2019\/10\/FinalCutProX_1047_Featured-300x169.jpg 300w, https:\/\/staging.cined.dev\/content\/uploads\/2019\/10\/FinalCutProX_1047_Featured-768x432.jpg 768w, https:\/\/staging.cined.dev\/content\/uploads\/2019\/10\/FinalCutProX_1047_Featured-340x190.jpg 340w, https:\/\/staging.cined.dev\/content\/uploads\/2019\/10\/FinalCutProX_1047_Featured-409x230.jpg 409w, https:\/\/staging.cined.dev\/content\/uploads\/2019\/10\/FinalCutProX_1047_Featured.jpg 1280w\" sizes=\"auto, (max-width: 640px) 100vw, 640px\" \/><\/a><p id=\"caption-attachment-121543\" class=\"wp-caption-text\">Final Cut Pro X 10.4.7 est\u00e1 optimizado para las nuevas Mac Pro y los nuevos Pro Display XDR. Cr\u00e9dito de imagen: Apple<\/p><\/div>\n<h2>Actualizaci\u00f3n de Final Cut Pro X 10.4.7<\/h2>\n<p>La nueva Mac Pro y el Pro Display XDR se anunciaron en junio, y parece que Apple ha comenzado a actualizar todo su software -incluyendo macOS con el lanzamiento de macOS 15 Catalina- para soportar completamente estas nuevas bestias de hardware. El gigante con sede en Cupertino acaba de anunciar una nueva actualizaci\u00f3n de su editor no lineal Final Cut Pro X, que ha estado en el mercado desde hace ocho a\u00f1os.<\/p>\n<p>Si est\u00e1s buscando caracter\u00edsticas innovadoras en esta nueva actualizaci\u00f3n de Final Cut Pro X 10.4.7, seamos sinceros, te sentir\u00e1s decepcionado. De hecho, la mayor\u00eda de los cambios en el NLE no est\u00e1n a la vista. Si eres usuario habitual de FCP X, ver\u00e1s mejoras de rendimiento gracias a un nuevo motor de procesamiento basado en Metal. Este nuevo motor de procesamiento Metal mejorar\u00e1 las velocidades de reproducci\u00f3n, as\u00ed como las tareas de renderizaci\u00f3n \/ composici\u00f3n \/ efectos en tiempo real \/ exportaci\u00f3n, etc. Si est\u00e1s utilizando una MacBook Pro de 15 pulgadas, Apple afirma una mejora del rendimiento del 20 por ciento, mientras que los usuarios de  <a href=\"https:\/\/www.bhphotovideo.com\/c\/product\/1380894-REG\/apple_z_8c1_bh_27_imac_pro_with.html\/BI\/7953\/KBID\/8488\/\" class=\"content-keyword-linked\" target=\"_blank\" rel=\"nofollow noopener noreferrer\">iMac Pro<\/a> ver\u00e1n ganancias de hasta el 35 por ciento.<\/p>\n<div id=\"attachment_121549\"  class=\"wp-caption aligncenter\"><a href=\"https:\/\/www.cined.com\/content\/uploads\/2019\/10\/FinalCutProX_1047_02.jpg\"><img loading=\"lazy\" decoding=\"async\" aria-describedby=\"caption-attachment-121549\" class=\"size-large wp-image-121549\" src=\"https:\/\/www.cined.com\/content\/uploads\/2019\/10\/FinalCutProX_1047_02-640x360.jpg\" alt=\"FinalCutProX_1047_02\" width=\"640\" height=\"360\" srcset=\"https:\/\/staging.cined.dev\/content\/uploads\/2019\/10\/FinalCutProX_1047_02-640x360.jpg 640w, https:\/\/staging.cined.dev\/content\/uploads\/2019\/10\/FinalCutProX_1047_02-300x169.jpg 300w, https:\/\/staging.cined.dev\/content\/uploads\/2019\/10\/FinalCutProX_1047_02-768x432.jpg 768w, https:\/\/staging.cined.dev\/content\/uploads\/2019\/10\/FinalCutProX_1047_02-340x190.jpg 340w, https:\/\/staging.cined.dev\/content\/uploads\/2019\/10\/FinalCutProX_1047_02-409x230.jpg 409w, https:\/\/staging.cined.dev\/content\/uploads\/2019\/10\/FinalCutProX_1047_02.jpg 1280w\" sizes=\"auto, (max-width: 640px) 100vw, 640px\" \/><\/a><p id=\"caption-attachment-121549\" class=\"wp-caption-text\">Los usuarios de MacBook Pro de 15 pulgadas se beneficiar\u00e1n de las mejoras de rendimiento hasta un 20 por ciento m\u00e1s r\u00e1pido con Final Cut Pro X 10.4.7. Cr\u00e9dito de imagen: Apple<\/p><\/div>\n<p>Buenas noticias para los usuarios que necesitan mucha potencia; Final Cut Pro X 10.4.7 ahora es compatible con m\u00faltiples GPU, incluidas las flamantes Radeon Pro Vega II y Radeon Pro Vega II Duo de la nueva Mac Pro. Adem\u00e1s, admite hasta 28 n\u00facleos de CPU, por lo que si est\u00e1s utilizando una  iMac Pro o la nueva Mac Pro, te beneficiar\u00e1s de todos los n\u00facleos adicionales.<\/p>\n<p>Aqu\u00ed hay un resumen r\u00e1pido de todas las otras mejoras en esta actualizaci\u00f3n de Final Cut Pro X 10.4.7:<\/p>\n<ul>\n<li>Final Cut Pro funciona con la nueva funci\u00f3n Sidecar de macOS Catalina. Esta funci\u00f3n te permite ampliar tu espacio de trabajo en Mac utilizando un iPad como segunda pantalla. Sidecar funciona con FCP X.<\/li>\n<li>FCP X 10.4.7 puede usar la tarjeta Afterburner para mejorar enormemente el rendimiento de reproducci\u00f3n cuando se trabaja con ProRes y ProRes RAW.<\/li>\n<li>Puedes conectar hasta tres monitores Pro Display XDR a la Mac Pro (si tienes una billetera abultada). Dos para la interfaz FCP X y uno para fines de monitoreo. Adem\u00e1s, puedes usar el Pro Display XDR para editar y hacer el color de contenidos de video HDR. Si utilizas el Pro Display XDR, es posible ver im\u00e1genes HDR asignadas por tonos a pantallas SDR compatibles cuando se utiliza Final Cut Pro en macOS Catalina.<\/li>\n<li>En cuanto al HDR, puedes hacer el color del material HDR con una m\u00e1scara de color mejorada y herramientas de aislamiento de rango.<\/li>\n<li>Algo que hemos estado esperando durante mucho tiempo: selecciona qu\u00e9 GPU interna o externa utilizas para acelerar el procesamiento de gr\u00e1ficos.<\/li>\n<\/ul>\n<p>Al mismo tiempo, Apple tambi\u00e9n ha actualizado Motion a la versi\u00f3n 5.4.4 y Compressor a la versi\u00f3n 4.4.5 junto con FCP X. Las mejoras en ambos software son id\u00e9nticas a las de FCP X.<\/p>\n<div id=\"attachment_121546\"  class=\"wp-caption aligncenter\"><a href=\"https:\/\/www.cined.com\/content\/uploads\/2019\/10\/FinalCutProX_1047_01.jpg\"><img loading=\"lazy\" decoding=\"async\" aria-describedby=\"caption-attachment-121546\" class=\"size-large wp-image-121546\" src=\"https:\/\/www.cined.com\/content\/uploads\/2019\/10\/FinalCutProX_1047_01-640x360.jpg\" alt=\"FinalCutProX_1047_01\" width=\"640\" height=\"360\" srcset=\"https:\/\/staging.cined.dev\/content\/uploads\/2019\/10\/FinalCutProX_1047_01-640x360.jpg 640w, https:\/\/staging.cined.dev\/content\/uploads\/2019\/10\/FinalCutProX_1047_01-300x169.jpg 300w, https:\/\/staging.cined.dev\/content\/uploads\/2019\/10\/FinalCutProX_1047_01-768x432.jpg 768w, https:\/\/staging.cined.dev\/content\/uploads\/2019\/10\/FinalCutProX_1047_01-340x190.jpg 340w, https:\/\/staging.cined.dev\/content\/uploads\/2019\/10\/FinalCutProX_1047_01-409x230.jpg 409w, https:\/\/staging.cined.dev\/content\/uploads\/2019\/10\/FinalCutProX_1047_01.jpg 1280w\" sizes=\"auto, (max-width: 640px) 100vw, 640px\" \/><\/a><p id=\"caption-attachment-121546\" class=\"wp-caption-text\">Puedes usar hasta tres unidades Pro Display XDR conectadas a la Mac Pro. Cr\u00e9dito de imagen: Apple<\/p><\/div>\n<h2>Precios y disponibilidad<\/h2>\n<p><a href=\"https:\/\/www.apple.com\/final-cut-pro\/\" target=\"_blank\" rel=\"noopener\">Final Cut Pro X 10.4.7<\/a>, <a href=\"https:\/\/www.apple.com\/final-cut-pro\/motion\/\" target=\"_blank\" rel=\"noopener\">Motion 5.4.4<\/a>, y <a href=\"https:\/\/www.apple.com\/final-cut-pro\/compressor\/\" target=\"_blank\" rel=\"noopener\">Compressor 4.4.5<\/a> est\u00e1n disponibles hoy como una actualizaci\u00f3n gratuita para todos los usuarios existentes. Si a\u00fan no tienes una licencia, puedes descargarla en la <a href=\"https:\/\/apps.apple.com\/us\/app\/final-cut-pro\/id424389933?mt=12\" target=\"_blank\" rel=\"noopener\">Mac App Store por $299,99<\/a>. Es genial que Apple nunca haya cobrado por las actualizaciones de FCPX hasta ahora.<\/p>\n<p><strong>\u00bfUsas Final Cut Pro X o cambiaste a Avid, DaVinci Resolve, Adobe Premiere u otro NLE? \u00bfEst\u00e1s esperando que salgan las nuevas Mac Pro y los nuevos Pro Display XDR? \u00a1Cu\u00e9ntanos en los comentarios!<\/strong><\/p>\n<121559-main-buylinks\/>"},"excerpt":{"rendered":"<p>Despu\u00e9s del lanzamiento de macOS 15 Catalina, Apple tambi\u00e9n actualiz\u00f3 Final Cut Pro X a la versi\u00f3n 10.4.7. La mayor\u00eda de los cambios en esta nueva versi\u00f3n no se ven a simple vista. Final Cut Pro X 10.4.7 est\u00e1 ampliamente optimizado para el nuevo sistema operativo, y para las Mac Pro y los Pro Display XDR que est\u00e1n por salir. \u00a1Veamos m\u00e1s de cerca! Actualizaci\u00f3n de Final Cut Pro X 10.4.7 La nueva Mac Pro y el Pro Display XDR se anunciaron en junio, y parece que Apple ha comenzado a actualizar todo su software -incluyendo macOS con el lanzamiento de macOS 15 Catalina- para soportar completamente estas nuevas bestias [&hellip;]<\/p>\n","protected":false},"author":15720,"featured_media":121545,"comment_status":"open","ping_status":"closed","sticky":false,"template":"","format":"standard","meta":{"footnotes":"","_links_to":"","_links_to_target":""},"categories":[{"id":42290,"name":"Noticias","link":"https:\/\/staging.cined.dev\/es\/noticias\/","slug":"noticias"},{"id":42308,"name":"Software","link":"https:\/\/staging.cined.dev\/es\/noticias\/noticias-software\/","slug":"noticias-software"}],"tags":[24363,24916,32441,35230,35231],"tag_label":[],"brand":[],"class_list":["post-121559","post","type-post","status-publish","format-standard","has-post-thumbnail","hentry","category-noticias","category-noticias-software","tag-apple-es","tag-actualizacion","tag-mac-pro-es","tag-final-cut-pro-x-10-4-7-es","tag-pro-display-xdr-es"],"yoast_head":"<!-- This site is optimized with the Yoast SEO Premium plugin v20.10 (Yoast SEO v25.3) - https:\/\/yoast.com\/wordpress\/plugins\/seo\/ -->\n<title>Apple actualiza Final Cut Pro X 10.4.7 con importantes mejoras en el rendimiento | CineD<\/title>\n<meta name=\"robots\" content=\"index, follow, max-snippet:-1, max-image-preview:large, max-video-preview:-1\" \/>\n<link rel=\"canonical\" href=\"https:\/\/staging.cined.dev\/es\/apple-updates-final-cut-pro-1047-significant-performance-improvements\/\" \/>\n<meta property=\"og:locale\" content=\"es_ES\" \/>\n<meta property=\"og:type\" content=\"article\" \/>\n<meta property=\"og:title\" content=\"Apple actualiza Final Cut Pro X 10.4.7 con importantes mejoras en el rendimiento | CineD\" \/>\n<meta property=\"og:description\" content=\"Despu\u00e9s del lanzamiento de macOS 15 Catalina, Apple tambi\u00e9n actualiz\u00f3 Final Cut Pro X a la versi\u00f3n 10.4.7. La mayor\u00eda de los cambios en esta nueva versi\u00f3n no se ven a simple vista. Final Cut Pro X 10.4.7 est\u00e1 ampliamente optimizado para el nuevo sistema operativo, y para las Mac Pro y los Pro Display XDR que est\u00e1n por salir. \u00a1Veamos m\u00e1s de cerca! Actualizaci\u00f3n de Final Cut Pro X 10.4.7 La nueva Mac Pro y el Pro Display XDR se anunciaron en junio, y parece que Apple ha comenzado a actualizar todo su software -incluyendo macOS con el lanzamiento de macOS 15 Catalina- para soportar completamente estas nuevas bestias [&hellip;]\" \/>\n<meta property=\"og:url\" content=\"https:\/\/staging.cined.dev\/es\/apple-updates-final-cut-pro-1047-significant-performance-improvements\/\" \/>\n<meta property=\"og:site_name\" content=\"CineD\" \/>\n<meta property=\"article:publisher\" content=\"http:\/\/www.facebook.com\/C5Dnews\" \/>\n<meta property=\"article:author\" content=\"https:\/\/www.facebook.com\/JeffLochOfficiel\/\" \/>\n<meta property=\"article:published_time\" content=\"2019-10-08T15:40:06+00:00\" \/>\n<meta property=\"article:modified_time\" content=\"2019-10-08T19:32:41+00:00\" \/>\n<meta property=\"og:image\" content=\"https:\/\/www.cined.com\/content\/uploads\/2019\/10\/FinalCutProX_1047_Featured.jpg\" \/>\n\t<meta property=\"og:image:width\" content=\"1280\" \/>\n\t<meta property=\"og:image:height\" content=\"720\" \/>\n\t<meta property=\"og:image:type\" content=\"image\/jpeg\" \/>\n<meta name=\"author\" content=\"Jeff Loch\" \/>\n<meta name=\"twitter:card\" content=\"summary_large_image\" \/>\n<meta name=\"twitter:creator\" content=\"@c5dnews\" \/>\n<meta name=\"twitter:site\" content=\"@c5dnews\" \/>\n<meta name=\"twitter:label1\" content=\"Written by\" \/>\n\t<meta name=\"twitter:data1\" content=\"Jeff Loch\" \/>\n\t<meta name=\"twitter:label2\" content=\"Est. reading time\" \/>\n\t<meta name=\"twitter:data2\" content=\"4 minutes\" \/>\n<script type=\"application\/ld+json\" class=\"yoast-schema-graph\">{\"@context\":\"https:\/\/schema.org\",\"@graph\":[{\"@type\":\"Article\",\"@id\":\"https:\/\/staging.cined.dev\/es\/apple-updates-final-cut-pro-1047-significant-performance-improvements\/#article\",\"isPartOf\":{\"@id\":\"https:\/\/staging.cined.dev\/es\/apple-updates-final-cut-pro-1047-significant-performance-improvements\/\"},\"author\":{\"name\":\"Jeff Loch\",\"@id\":\"https:\/\/www.cined.com\/#\/schema\/person\/556394dcf5edfa4239078306ccc7b55b\"},\"headline\":\"Apple actualiza Final Cut Pro X 10.4.7 con importantes mejoras en el rendimiento\",\"datePublished\":\"2019-10-08T15:40:06+00:00\",\"dateModified\":\"2019-10-08T19:32:41+00:00\",\"mainEntityOfPage\":{\"@id\":\"https:\/\/staging.cined.dev\/es\/apple-updates-final-cut-pro-1047-significant-performance-improvements\/\"},\"wordCount\":773,\"commentCount\":0,\"publisher\":{\"@id\":\"https:\/\/www.cined.com\/#organization\"},\"image\":{\"@id\":\"https:\/\/staging.cined.dev\/es\/apple-updates-final-cut-pro-1047-significant-performance-improvements\/#primaryimage\"},\"thumbnailUrl\":\"https:\/\/staging.cined.dev\/content\/uploads\/2019\/10\/FinalCutProX_1047_Featured.jpg\",\"keywords\":[\"apple\",\"actualizaci\u00f3n\",\"Mac Pro\",\"Final Cut Pro X 10.4.7\",\"Pro Display XDR\"],\"articleSection\":[\"Noticias\",\"Software\"],\"inLanguage\":\"es-ES\",\"potentialAction\":[{\"@type\":\"CommentAction\",\"name\":\"Comment\",\"target\":[\"https:\/\/staging.cined.dev\/es\/apple-updates-final-cut-pro-1047-significant-performance-improvements\/#respond\"]}]},{\"@type\":\"WebPage\",\"@id\":\"https:\/\/staging.cined.dev\/es\/apple-updates-final-cut-pro-1047-significant-performance-improvements\/\",\"url\":\"https:\/\/staging.cined.dev\/es\/apple-updates-final-cut-pro-1047-significant-performance-improvements\/\",\"name\":\"Apple actualiza Final Cut Pro X 10.4.7 con importantes mejoras en el rendimiento | CineD\",\"isPartOf\":{\"@id\":\"https:\/\/www.cined.com\/#website\"},\"primaryImageOfPage\":{\"@id\":\"https:\/\/staging.cined.dev\/es\/apple-updates-final-cut-pro-1047-significant-performance-improvements\/#primaryimage\"},\"image\":{\"@id\":\"https:\/\/staging.cined.dev\/es\/apple-updates-final-cut-pro-1047-significant-performance-improvements\/#primaryimage\"},\"thumbnailUrl\":\"https:\/\/staging.cined.dev\/content\/uploads\/2019\/10\/FinalCutProX_1047_Featured.jpg\",\"datePublished\":\"2019-10-08T15:40:06+00:00\",\"dateModified\":\"2019-10-08T19:32:41+00:00\",\"inLanguage\":\"es-ES\",\"potentialAction\":[{\"@type\":\"ReadAction\",\"target\":[\"https:\/\/staging.cined.dev\/es\/apple-updates-final-cut-pro-1047-significant-performance-improvements\/\"]}]},{\"@type\":\"ImageObject\",\"inLanguage\":\"es-ES\",\"@id\":\"https:\/\/staging.cined.dev\/es\/apple-updates-final-cut-pro-1047-significant-performance-improvements\/#primaryimage\",\"url\":\"https:\/\/staging.cined.dev\/content\/uploads\/2019\/10\/FinalCutProX_1047_Featured.jpg\",\"contentUrl\":\"https:\/\/staging.cined.dev\/content\/uploads\/2019\/10\/FinalCutProX_1047_Featured.jpg\",\"width\":1280,\"height\":720,\"caption\":\"Final Cut Pro X 10.4.7 is optimized for the new Mac Pro and Pro Display XDR. Image credit: Apple\"},{\"@type\":\"WebSite\",\"@id\":\"https:\/\/www.cined.com\/#website\",\"url\":\"https:\/\/www.cined.com\/\",\"name\":\"CineD\",\"description\":\"\",\"publisher\":{\"@id\":\"https:\/\/www.cined.com\/#organization\"},\"potentialAction\":[{\"@type\":\"SearchAction\",\"target\":{\"@type\":\"EntryPoint\",\"urlTemplate\":\"https:\/\/www.cined.com\/?s={search_term_string}\"},\"query-input\":{\"@type\":\"PropertyValueSpecification\",\"valueRequired\":true,\"valueName\":\"search_term_string\"}}],\"inLanguage\":\"es-ES\"},{\"@type\":\"Organization\",\"@id\":\"https:\/\/www.cined.com\/#organization\",\"name\":\"CineD\",\"url\":\"https:\/\/www.cined.com\/\",\"logo\":{\"@type\":\"ImageObject\",\"inLanguage\":\"es-ES\",\"@id\":\"https:\/\/www.cined.com\/#\/schema\/logo\/image\/\",\"url\":\"https:\/\/staging.cined.dev\/content\/uploads\/2020\/08\/logo_email.jpg\",\"contentUrl\":\"https:\/\/staging.cined.dev\/content\/uploads\/2020\/08\/logo_email.jpg\",\"width\":313,\"height\":285,\"caption\":\"CineD\"},\"image\":{\"@id\":\"https:\/\/www.cined.com\/#\/schema\/logo\/image\/\"},\"sameAs\":[\"http:\/\/www.facebook.com\/C5Dnews\",\"https:\/\/x.com\/c5dnews\",\"https:\/\/www.youtube.com\/user\/cinema5Dnews\"]},{\"@type\":\"Person\",\"@id\":\"https:\/\/www.cined.com\/#\/schema\/person\/556394dcf5edfa4239078306ccc7b55b\",\"name\":\"Jeff Loch\",\"image\":{\"@type\":\"ImageObject\",\"inLanguage\":\"es-ES\",\"@id\":\"https:\/\/www.cined.com\/#\/schema\/person\/image\/\",\"url\":\"https:\/\/secure.gravatar.com\/avatar\/1b77d7bc8cd4aacd78d6b0c8c5e4650584b81763970851db9e0e69915d468cc6?s=96&d=mm&r=g\",\"contentUrl\":\"https:\/\/secure.gravatar.com\/avatar\/1b77d7bc8cd4aacd78d6b0c8c5e4650584b81763970851db9e0e69915d468cc6?s=96&d=mm&r=g\",\"caption\":\"Jeff Loch\"},\"description\":\"Jeff Loch is a French freelance director, editor and colorist, working mostly on music videos, commercials, and corporate films.\",\"sameAs\":[\"https:\/\/www.jeffloch.com\/\",\"https:\/\/www.facebook.com\/JeffLochOfficiel\/\",\"https:\/\/www.instagram.com\/iamaneditor\/\"],\"url\":\"https:\/\/staging.cined.dev\/es\/author\/jeff-10\/\"}]}<\/script>\n<!-- \/ Yoast SEO Premium plugin. -->","yoast_head_json":{"title":"Apple actualiza Final Cut Pro X 10.4.7 con importantes mejoras en el rendimiento | CineD","robots":{"index":"index","follow":"follow","max-snippet":"max-snippet:-1","max-image-preview":"max-image-preview:large","max-video-preview":"max-video-preview:-1"},"canonical":"https:\/\/staging.cined.dev\/es\/apple-updates-final-cut-pro-1047-significant-performance-improvements\/","og_locale":"es_ES","og_type":"article","og_title":"Apple actualiza Final Cut Pro X 10.4.7 con importantes mejoras en el rendimiento | CineD","og_description":"Despu\u00e9s del lanzamiento de macOS 15 Catalina, Apple tambi\u00e9n actualiz\u00f3 Final Cut Pro X a la versi\u00f3n 10.4.7. La mayor\u00eda de los cambios en esta nueva versi\u00f3n no se ven a simple vista. Final Cut Pro X 10.4.7 est\u00e1 ampliamente optimizado para el nuevo sistema operativo, y para las Mac Pro y los Pro Display XDR que est\u00e1n por salir. \u00a1Veamos m\u00e1s de cerca! Actualizaci\u00f3n de Final Cut Pro X 10.4.7 La nueva Mac Pro y el Pro Display XDR se anunciaron en junio, y parece que Apple ha comenzado a actualizar todo su software -incluyendo macOS con el lanzamiento de macOS 15 Catalina- para soportar completamente estas nuevas bestias [&hellip;]","og_url":"https:\/\/staging.cined.dev\/es\/apple-updates-final-cut-pro-1047-significant-performance-improvements\/","og_site_name":"CineD","article_publisher":"http:\/\/www.facebook.com\/C5Dnews","article_author":"https:\/\/www.facebook.com\/JeffLochOfficiel\/","article_published_time":"2019-10-08T15:40:06+00:00","article_modified_time":"2019-10-08T19:32:41+00:00","og_image":[{"width":1280,"height":720,"url":"https:\/\/www.cined.com\/content\/uploads\/2019\/10\/FinalCutProX_1047_Featured.jpg","type":"image\/jpeg"}],"author":"Jeff Loch","twitter_card":"summary_large_image","twitter_creator":"@c5dnews","twitter_site":"@c5dnews","twitter_misc":{"Written by":"Jeff Loch","Est. reading time":"4 minutes"},"schema":{"@context":"https:\/\/schema.org","@graph":[{"@type":"Article","@id":"https:\/\/staging.cined.dev\/es\/apple-updates-final-cut-pro-1047-significant-performance-improvements\/#article","isPartOf":{"@id":"https:\/\/staging.cined.dev\/es\/apple-updates-final-cut-pro-1047-significant-performance-improvements\/"},"author":{"name":"Jeff Loch","@id":"https:\/\/www.cined.com\/#\/schema\/person\/556394dcf5edfa4239078306ccc7b55b"},"headline":"Apple actualiza Final Cut Pro X 10.4.7 con importantes mejoras en el rendimiento","datePublished":"2019-10-08T15:40:06+00:00","dateModified":"2019-10-08T19:32:41+00:00","mainEntityOfPage":{"@id":"https:\/\/staging.cined.dev\/es\/apple-updates-final-cut-pro-1047-significant-performance-improvements\/"},"wordCount":773,"commentCount":0,"publisher":{"@id":"https:\/\/www.cined.com\/#organization"},"image":{"@id":"https:\/\/staging.cined.dev\/es\/apple-updates-final-cut-pro-1047-significant-performance-improvements\/#primaryimage"},"thumbnailUrl":"https:\/\/staging.cined.dev\/content\/uploads\/2019\/10\/FinalCutProX_1047_Featured.jpg","keywords":["apple","actualizaci\u00f3n","Mac Pro","Final Cut Pro X 10.4.7","Pro Display XDR"],"articleSection":["Noticias","Software"],"inLanguage":"es-ES","potentialAction":[{"@type":"CommentAction","name":"Comment","target":["https:\/\/staging.cined.dev\/es\/apple-updates-final-cut-pro-1047-significant-performance-improvements\/#respond"]}]},{"@type":"WebPage","@id":"https:\/\/staging.cined.dev\/es\/apple-updates-final-cut-pro-1047-significant-performance-improvements\/","url":"https:\/\/staging.cined.dev\/es\/apple-updates-final-cut-pro-1047-significant-performance-improvements\/","name":"Apple actualiza Final Cut Pro X 10.4.7 con importantes mejoras en el rendimiento | CineD","isPartOf":{"@id":"https:\/\/www.cined.com\/#website"},"primaryImageOfPage":{"@id":"https:\/\/staging.cined.dev\/es\/apple-updates-final-cut-pro-1047-significant-performance-improvements\/#primaryimage"},"image":{"@id":"https:\/\/staging.cined.dev\/es\/apple-updates-final-cut-pro-1047-significant-performance-improvements\/#primaryimage"},"thumbnailUrl":"https:\/\/staging.cined.dev\/content\/uploads\/2019\/10\/FinalCutProX_1047_Featured.jpg","datePublished":"2019-10-08T15:40:06+00:00","dateModified":"2019-10-08T19:32:41+00:00","inLanguage":"es-ES","potentialAction":[{"@type":"ReadAction","target":["https:\/\/staging.cined.dev\/es\/apple-updates-final-cut-pro-1047-significant-performance-improvements\/"]}]},{"@type":"ImageObject","inLanguage":"es-ES","@id":"https:\/\/staging.cined.dev\/es\/apple-updates-final-cut-pro-1047-significant-performance-improvements\/#primaryimage","url":"https:\/\/staging.cined.dev\/content\/uploads\/2019\/10\/FinalCutProX_1047_Featured.jpg","contentUrl":"https:\/\/staging.cined.dev\/content\/uploads\/2019\/10\/FinalCutProX_1047_Featured.jpg","width":1280,"height":720,"caption":"Final Cut Pro X 10.4.7 is optimized for the new Mac Pro and Pro Display XDR. Image credit: Apple"},{"@type":"WebSite","@id":"https:\/\/www.cined.com\/#website","url":"https:\/\/www.cined.com\/","name":"CineD","description":"","publisher":{"@id":"https:\/\/www.cined.com\/#organization"},"potentialAction":[{"@type":"SearchAction","target":{"@type":"EntryPoint","urlTemplate":"https:\/\/www.cined.com\/?s={search_term_string}"},"query-input":{"@type":"PropertyValueSpecification","valueRequired":true,"valueName":"search_term_string"}}],"inLanguage":"es-ES"},{"@type":"Organization","@id":"https:\/\/www.cined.com\/#organization","name":"CineD","url":"https:\/\/www.cined.com\/","logo":{"@type":"ImageObject","inLanguage":"es-ES","@id":"https:\/\/www.cined.com\/#\/schema\/logo\/image\/","url":"https:\/\/staging.cined.dev\/content\/uploads\/2020\/08\/logo_email.jpg","contentUrl":"https:\/\/staging.cined.dev\/content\/uploads\/2020\/08\/logo_email.jpg","width":313,"height":285,"caption":"CineD"},"image":{"@id":"https:\/\/www.cined.com\/#\/schema\/logo\/image\/"},"sameAs":["http:\/\/www.facebook.com\/C5Dnews","https:\/\/x.com\/c5dnews","https:\/\/www.youtube.com\/user\/cinema5Dnews"]},{"@type":"Person","@id":"https:\/\/www.cined.com\/#\/schema\/person\/556394dcf5edfa4239078306ccc7b55b","name":"Jeff Loch","image":{"@type":"ImageObject","inLanguage":"es-ES","@id":"https:\/\/www.cined.com\/#\/schema\/person\/image\/","url":"https:\/\/secure.gravatar.com\/avatar\/1b77d7bc8cd4aacd78d6b0c8c5e4650584b81763970851db9e0e69915d468cc6?s=96&d=mm&r=g","contentUrl":"https:\/\/secure.gravatar.com\/avatar\/1b77d7bc8cd4aacd78d6b0c8c5e4650584b81763970851db9e0e69915d468cc6?s=96&d=mm&r=g","caption":"Jeff Loch"},"description":"Jeff Loch is a French freelance director, editor and colorist, working mostly on music videos, commercials, and corporate films.","sameAs":["https:\/\/www.jeffloch.com\/","https:\/\/www.facebook.com\/JeffLochOfficiel\/","https:\/\/www.instagram.com\/iamaneditor\/"],"url":"https:\/\/staging.cined.dev\/es\/author\/jeff-10\/"}]}},"feature_image_url":"https:\/\/staging.cined.dev\/content\/uploads\/2019\/10\/FinalCutProX_1047_Featured.jpg","images":[{"url":"https:\/\/staging.cined.dev\/content\/uploads\/2019\/10\/FinalCutProX_1047_Featured.jpg","width":978,"height":550,"type":"thumbnail"},{"url":"https:\/\/staging.cined.dev\/content\/uploads\/2019\/10\/FinalCutProX_1047_Featured.jpg","width":370,"height":208,"type":"thumbnail"},{"url":"https:\/\/staging.cined.dev\/content\/uploads\/2019\/10\/FinalCutProX_1047_Featured.jpg","width":740,"height":416,"type":"thumbnail"},{"url":"https:\/\/staging.cined.dev\/content\/uploads\/2019\/10\/FinalCutProX_1047_Featured.jpg","width":770,"height":433,"type":"thumbnail"},{"url":"https:\/\/staging.cined.dev\/content\/uploads\/2019\/10\/FinalCutProX_1047_Featured.jpg","width":385,"height":217,"type":"thumbnail"},{"url":"https:\/\/staging.cined.dev\/content\/uploads\/2019\/10\/FinalCutProX_1047_Featured.jpg","width":1280,"height":720,"type":"featured"},{"url":"https:\/\/staging.cined.dev\/content\/uploads\/2019\/10\/FinalCutProX_1047_Featured.jpg","width":1280,"height":720,"type":"featured"}],"custom_labels":null,"mzed_course":{"content":null,"uuid":null},"buylinks":{"main_buylinks":{"uuid":"121559-main-buylinks","content":"<div id=\"initial-buylinks\" class=\"alternative-links\">\n\t<div class=\"affilite-banner-block\">\n\t\t<div class=\"row\">\n\t\t\t<div class=\"col l3 m3 s12 center affilate-logo\">\t\t\t\t\t\n\t\t\t\t<img src=\"https:\/\/staging.cined.dev\/content\/themes\/cinemad\/assets\/images\/icons\/cined-logo-affilate-white.png\" alt=\"Logo\">\n\t\t\t<\/div>\n\t\t\t<div class=\"col l9 m9 s12 affilite-banner-content\">\n\t\t\t\t<h4>Apoya a CineD. Compra con nuestros socios.<\/h4>\n\t\t\t\t<h2>Apoya a CineD. Compra con nuestros socios.<\/h2>\n\t\t\t\t<span class=\"sub-content\">Nuestras rese\u00f1as siempre son imparciales.<\/span>\n\t\t\t\t<div class=\"clear\"><\/div>\n\t\t\t\t<a href=\"https:\/\/www.cined.com\/es\/nuestros-principios\/\" class=\"affiliates-button\">Conoce m\u00e1s sobre nuestros principios<\/a>\n\t\t\t<\/div>\n\t\t<\/div>\n\t<\/div>\n\t<\/div>"},"inline_buylinks":{"uuid":null,"content":null}},"total_comments":0,"related_articles":[{"id":349783,"title":"Presentan la Actualizaci\u00f3n 2.1 de fylm.ai - Agrega la herramienta NeuralFilmAI","url":"https:\/\/staging.cined.dev\/es\/fylm-ai-update-2-1-introduced-neuralfilmai-tool-added\/","author":19286,"author_details":{"display_name":"Alexandra Thompson","first_name":"Alexandra","last_name":"Thompson"},"publish_date":"August, 06 2024","feature_image_url":"https:\/\/staging.cined.dev\/content\/uploads\/2024\/08\/fylmai_2.1_1920x1080-1.jpg","images":[{"url":"https:\/\/staging.cined.dev\/content\/uploads\/2024\/08\/fylmai_2.1_1920x1080-1-1024x550.jpg","width":1024,"height":550,"type":"thumbnail"},{"url":"https:\/\/staging.cined.dev\/content\/uploads\/2024\/08\/fylmai_2.1_1920x1080-1-370x230.jpg","width":370,"height":230,"type":"thumbnail"},{"url":"https:\/\/staging.cined.dev\/content\/uploads\/2024\/08\/fylmai_2.1_1920x1080-1-740x460.jpg","width":740,"height":460,"type":"thumbnail"},{"url":"https:\/\/staging.cined.dev\/content\/uploads\/2024\/08\/fylmai_2.1_1920x1080-1-770x440.jpg","width":770,"height":440,"type":"thumbnail"},{"url":"https:\/\/staging.cined.dev\/content\/uploads\/2024\/08\/fylmai_2.1_1920x1080-1-385x220.jpg","width":385,"height":220,"type":"thumbnail"},{"url":"https:\/\/staging.cined.dev\/content\/uploads\/2024\/08\/fylmai_2.1_1920x1080-1-1300x750.jpg","width":1300,"height":750,"type":"featured"},{"url":"https:\/\/staging.cined.dev\/content\/uploads\/2024\/08\/fylmai_2.1_1920x1080-1-1600x900.jpg","width":1600,"height":900,"type":"featured"}],"categories":[{"id":42290,"name":"Noticias","link":"https:\/\/staging.cined.dev\/es\/noticias\/","slug":"noticias"},{"id":42308,"name":"Software","link":"https:\/\/staging.cined.dev\/es\/noticias\/noticias-software\/","slug":"noticias-software"}],"custom_labels":[{"id":53633,"name":"Software Update","link":"https:\/\/staging.cined.dev\/es\/labels\/software-update-es\/","slug":"software-update-es"}],"total_comments":0,"video_url":""},{"id":348018,"title":"\u00bfPuede el iPad Pro ser un Monitor de Referencia Profesional para la Postproducci\u00f3n?","url":"https:\/\/staging.cined.dev\/es\/can-the-ipad-pro-be-a-professional-reference-monitor-for-post-production\/","author":40340,"author_details":{"display_name":"Nick Taylor","first_name":"Nick","last_name":"Taylor"},"publish_date":"July, 19 2024","feature_image_url":"https:\/\/staging.cined.dev\/content\/uploads\/2024\/05\/iPadPro_ReferenceMode_coverImg.jpg","images":[{"url":"https:\/\/staging.cined.dev\/content\/uploads\/2024\/05\/iPadPro_ReferenceMode_coverImg-1024x550.jpg","width":1024,"height":550,"type":"thumbnail"},{"url":"https:\/\/staging.cined.dev\/content\/uploads\/2024\/05\/iPadPro_ReferenceMode_coverImg-370x230.jpg","width":370,"height":230,"type":"thumbnail"},{"url":"https:\/\/staging.cined.dev\/content\/uploads\/2024\/05\/iPadPro_ReferenceMode_coverImg-740x460.jpg","width":740,"height":460,"type":"thumbnail"},{"url":"https:\/\/staging.cined.dev\/content\/uploads\/2024\/05\/iPadPro_ReferenceMode_coverImg-770x440.jpg","width":770,"height":440,"type":"thumbnail"},{"url":"https:\/\/staging.cined.dev\/content\/uploads\/2024\/05\/iPadPro_ReferenceMode_coverImg-385x220.jpg","width":385,"height":220,"type":"thumbnail"},{"url":"https:\/\/staging.cined.dev\/content\/uploads\/2024\/05\/iPadPro_ReferenceMode_coverImg-1300x750.jpg","width":1300,"height":750,"type":"featured"},{"url":"https:\/\/staging.cined.dev\/content\/uploads\/2024\/05\/iPadPro_ReferenceMode_coverImg-1600x900.jpg","width":1600,"height":900,"type":"featured"}],"categories":[{"id":42290,"name":"Noticias","link":"https:\/\/staging.cined.dev\/es\/noticias\/","slug":"noticias"},{"id":42280,"name":"Industria","link":"https:\/\/staging.cined.dev\/es\/noticias\/industria\/","slug":"industria"}],"custom_labels":[{"id":65103,"name":"Accessory News","link":"https:\/\/staging.cined.dev\/es\/labels\/accessory-news-es\/","slug":"accessory-news-es"}],"total_comments":0,"video_url":""},{"id":345337,"title":"Lanzan la Actualizaci\u00f3n Beta P\u00fablica 4 de DaVinci Resolve 19 - Agrega sincronizaci\u00f3n en vivo desde las c\u00e1maras","url":"https:\/\/staging.cined.dev\/es\/davinci-resolve-19-public-beta-update-4-released-adds-live-sync-from-cameras\/","author":33264,"author_details":{"display_name":"Alex Hohenthaner","first_name":"Alex","last_name":"Hohenthaner"},"publish_date":"June, 27 2024","feature_image_url":"https:\/\/staging.cined.dev\/content\/uploads\/2024\/04\/resolve-tracker.jpg","images":[{"url":"https:\/\/staging.cined.dev\/content\/uploads\/2024\/04\/resolve-tracker-1024x550.jpg","width":1024,"height":550,"type":"thumbnail"},{"url":"https:\/\/staging.cined.dev\/content\/uploads\/2024\/04\/resolve-tracker-370x230.jpg","width":370,"height":230,"type":"thumbnail"},{"url":"https:\/\/staging.cined.dev\/content\/uploads\/2024\/04\/resolve-tracker-740x460.jpg","width":740,"height":460,"type":"thumbnail"},{"url":"https:\/\/staging.cined.dev\/content\/uploads\/2024\/04\/resolve-tracker-770x440.jpg","width":770,"height":440,"type":"thumbnail"},{"url":"https:\/\/staging.cined.dev\/content\/uploads\/2024\/04\/resolve-tracker-385x220.jpg","width":385,"height":220,"type":"thumbnail"},{"url":"https:\/\/staging.cined.dev\/content\/uploads\/2024\/04\/resolve-tracker-1300x750.jpg","width":1300,"height":750,"type":"featured"},{"url":"https:\/\/staging.cined.dev\/content\/uploads\/2024\/04\/resolve-tracker-1600x900.jpg","width":1600,"height":900,"type":"featured"}],"categories":[{"id":42308,"name":"Software","link":"https:\/\/staging.cined.dev\/es\/noticias\/noticias-software\/","slug":"noticias-software"},{"id":42290,"name":"Noticias","link":"https:\/\/staging.cined.dev\/es\/noticias\/","slug":"noticias"}],"custom_labels":[{"id":53633,"name":"Software Update","link":"https:\/\/staging.cined.dev\/es\/labels\/software-update-es\/","slug":"software-update-es"}],"total_comments":0,"video_url":""}],"url":"https:\/\/staging.cined.dev\/es\/apple-updates-final-cut-pro-1047-significant-performance-improvements\/","author_details":{"display_name":"Jeff Loch","first_name":"Jeff","last_name":"Loch","avatar":"https:\/\/staging.cined.dev\/content\/uploads\/userphoto\/CineD_04.jpg"},"show_author":true,"cached":true,"likes":1,"_links":{"self":[{"href":"https:\/\/staging.cined.dev\/es\/wp-json\/wp\/v2\/posts\/121559","targetHints":{"allow":["GET"]}}],"collection":[{"href":"https:\/\/staging.cined.dev\/es\/wp-json\/wp\/v2\/posts"}],"about":[{"href":"https:\/\/staging.cined.dev\/es\/wp-json\/wp\/v2\/types\/post"}],"author":[{"embeddable":true,"href":"https:\/\/staging.cined.dev\/es\/wp-json\/wp\/v2\/users\/15720"}],"replies":[{"embeddable":true,"href":"https:\/\/staging.cined.dev\/es\/wp-json\/wp\/v2\/comments?post=121559"}],"version-history":[{"count":2,"href":"https:\/\/staging.cined.dev\/es\/wp-json\/wp\/v2\/posts\/121559\/revisions"}],"predecessor-version":[{"id":121561,"href":"https:\/\/staging.cined.dev\/es\/wp-json\/wp\/v2\/posts\/121559\/revisions\/121561"}],"wp:featuredmedia":[{"embeddable":true,"href":"https:\/\/staging.cined.dev\/es\/wp-json\/wp\/v2\/media\/121545"}],"wp:attachment":[{"href":"https:\/\/staging.cined.dev\/es\/wp-json\/wp\/v2\/media?parent=121559"}],"wp:term":[{"taxonomy":"category","embeddable":true,"href":"https:\/\/staging.cined.dev\/es\/wp-json\/wp\/v2\/categories?post=121559"},{"taxonomy":"post_tag","embeddable":true,"href":"https:\/\/staging.cined.dev\/es\/wp-json\/wp\/v2\/tags?post=121559"},{"taxonomy":"tag_label","embeddable":true,"href":"https:\/\/staging.cined.dev\/es\/wp-json\/wp\/v2\/tag_label?post=121559"},{"taxonomy":"brand","embeddable":true,"href":"https:\/\/staging.cined.dev\/es\/wp-json\/wp\/v2\/brand?post=121559"}],"curies":[{"name":"wp","href":"https:\/\/api.w.org\/{rel}","templated":true}]}}