{"id":159582,"date":"2020-10-06T16:32:26","date_gmt":"2020-10-06T14:32:26","guid":{"rendered":"https:\/\/www.cined.com\/shape-sony-a7s-iii-cage-and-rigging-solutions-released\/"},"modified":"2020-10-07T20:09:43","modified_gmt":"2020-10-07T18:09:43","slug":"shape-sony-a7s-iii-cage-and-rigging-solutions-released","status":"publish","type":"post","link":"https:\/\/staging.cined.dev\/es\/shape-sony-a7s-iii-cage-and-rigging-solutions-released\/","title":{"rendered":"SHAPE lanz\u00f3 soluciones de armazones y montaje para la Sony a7S III"},"content":{"rendered":"\n<p class=\"has-drop-cap\"><strong>SHAPE acaba de lanzar varias soluciones de montaje para la Sony a7S III, entre las que se incluyen un armaz\u00f3n, un mango superior de madera con bot\u00f3n pulsador compatible con la unidad de audio de Sony y una placa base <strong>liviana<\/strong><\/strong> <strong>de varillas de 15mm. \u00a1Ech\u00e9mosle un vistazo a todas estas piezas de kit SHAPE para la Sony a7S III!<\/strong><\/p><159582-inline-buylinks\/>\n\n\n\n<h2 class=\"wp-block-heading\">Armaz\u00f3n SHAPE para la Sony a7S III<\/h2>\n\n\n\n<p>Siguiendo los pasos de <a rel=\"noreferrer noopener\" target=\"_blank\" href=\"https:\/\/www.cined.com\/es\/tilta-camera-rig-for-sony-a7s-iii-announced\/\">Tilta<\/a> y <a rel=\"noreferrer noopener\" target=\"_blank\" href=\"https:\/\/www.cined.com\/es\/smallrig-sony-a7s-iii-cage-packages\/\">Smallrig<\/a>, el fabricante canadiense SHAPE lanz\u00f3 sus soluciones de armaz\u00f3n y montaje para la Sony a7S III.<\/p>\n\n\n\n<figure class=\"wp-block-image size-large\"><img loading=\"lazy\" decoding=\"async\" width=\"640\" height=\"360\" src=\"https:\/\/www.cined.com\/content\/uploads\/2020\/10\/SHAPESonya7SIII_02-640x360.jpg\" alt=\"\" class=\"wp-image-159445\" srcset=\"https:\/\/staging.cined.dev\/content\/uploads\/2020\/10\/SHAPESonya7SIII_02-640x360.jpg 640w, https:\/\/staging.cined.dev\/content\/uploads\/2020\/10\/SHAPESonya7SIII_02-300x169.jpg 300w, https:\/\/staging.cined.dev\/content\/uploads\/2020\/10\/SHAPESonya7SIII_02-768x432.jpg 768w, https:\/\/staging.cined.dev\/content\/uploads\/2020\/10\/SHAPESonya7SIII_02-1536x864.jpg 1536w, https:\/\/staging.cined.dev\/content\/uploads\/2020\/10\/SHAPESonya7SIII_02-340x190.jpg 340w, https:\/\/staging.cined.dev\/content\/uploads\/2020\/10\/SHAPESonya7SIII_02-409x230.jpg 409w, https:\/\/staging.cined.dev\/content\/uploads\/2020\/10\/SHAPESonya7SIII_02-1600x900.jpg 1600w, https:\/\/staging.cined.dev\/content\/uploads\/2020\/10\/SHAPESonya7SIII_02.jpg 1920w\" sizes=\"auto, (max-width: 640px) 100vw, 640px\" \/><figcaption>Cr\u00e9dito de imagen: SHAPE<\/figcaption><\/figure>\n\n\n\n<p>El armaz\u00f3n SHAPE est\u00e1 hecho de aluminio mecanizado por CNC. La c\u00e1mara se puede fijar en el mismo mediante un tornillo de 1\/4&#8243;-20 ubicado en la parte inferior. Adem\u00e1s, hay una peque\u00f1a solapa en la parte inferior frontal que evita que la c\u00e1mara gire dentro del armaz\u00f3n.<\/p>\n\n\n\n<p>Aqu\u00ed hay una lista de todos los puntos de montaje que te brinda el armaz\u00f3n SHAPE para la a7S III:<\/p>\n\n\n\n<ul class=\"wp-block-list\"><li>Una zapata fr\u00eda en el lado izquierdo (si la c\u00e1mara est\u00e1 frente a ti).<\/li><li>Una docena de orificios roscados de 1\/4&#8243;-20 alrededor del armaz\u00f3n.<\/li><li>Siete orificios roscados de 3\/8&#8243;-16 con pasadores de posicionamiento antirrotaci\u00f3n de ARRI.<\/li><\/ul>\n\n\n\n<figure class=\"wp-block-image size-large\"><img loading=\"lazy\" decoding=\"async\" width=\"640\" height=\"360\" src=\"https:\/\/www.cined.com\/content\/uploads\/2020\/10\/SHAPESonya7SIII_03-640x360.jpg\" alt=\"\" class=\"wp-image-159448\" srcset=\"https:\/\/staging.cined.dev\/content\/uploads\/2020\/10\/SHAPESonya7SIII_03-640x360.jpg 640w, https:\/\/staging.cined.dev\/content\/uploads\/2020\/10\/SHAPESonya7SIII_03-300x169.jpg 300w, https:\/\/staging.cined.dev\/content\/uploads\/2020\/10\/SHAPESonya7SIII_03-768x432.jpg 768w, https:\/\/staging.cined.dev\/content\/uploads\/2020\/10\/SHAPESonya7SIII_03-1536x864.jpg 1536w, https:\/\/staging.cined.dev\/content\/uploads\/2020\/10\/SHAPESonya7SIII_03-340x190.jpg 340w, https:\/\/staging.cined.dev\/content\/uploads\/2020\/10\/SHAPESonya7SIII_03-409x230.jpg 409w, https:\/\/staging.cined.dev\/content\/uploads\/2020\/10\/SHAPESonya7SIII_03-1600x900.jpg 1600w, https:\/\/staging.cined.dev\/content\/uploads\/2020\/10\/SHAPESonya7SIII_03.jpg 1920w\" sizes=\"auto, (max-width: 640px) 100vw, 640px\" \/><figcaption>Cr\u00e9dito de imagen: SHAPE<\/figcaption><\/figure>\n\n\n\n<p>El armaz\u00f3n no obstaculiza ninguno de los botones de control, puertos de entrada\/salida, ganchos de correa, ni las ranuras para las tarjetas de memoria\/compartimiento de la bater\u00eda y, lo que es m\u00e1s importante, la zapata de la c\u00e1mara, que te permite conectar la unidad de audio XLR-K3M de Sony.<\/p>\n\n\n\n<figure class=\"wp-block-image size-large\"><img loading=\"lazy\" decoding=\"async\" width=\"640\" height=\"360\" src=\"https:\/\/www.cined.com\/content\/uploads\/2020\/10\/SHAPESonya7SIII_04-640x360.jpg\" alt=\"\" class=\"wp-image-159451\" srcset=\"https:\/\/staging.cined.dev\/content\/uploads\/2020\/10\/SHAPESonya7SIII_04-640x360.jpg 640w, https:\/\/staging.cined.dev\/content\/uploads\/2020\/10\/SHAPESonya7SIII_04-300x169.jpg 300w, https:\/\/staging.cined.dev\/content\/uploads\/2020\/10\/SHAPESonya7SIII_04-768x432.jpg 768w, https:\/\/staging.cined.dev\/content\/uploads\/2020\/10\/SHAPESonya7SIII_04-1536x864.jpg 1536w, https:\/\/staging.cined.dev\/content\/uploads\/2020\/10\/SHAPESonya7SIII_04-340x190.jpg 340w, https:\/\/staging.cined.dev\/content\/uploads\/2020\/10\/SHAPESonya7SIII_04-409x230.jpg 409w, https:\/\/staging.cined.dev\/content\/uploads\/2020\/10\/SHAPESonya7SIII_04-1600x900.jpg 1600w, https:\/\/staging.cined.dev\/content\/uploads\/2020\/10\/SHAPESonya7SIII_04.jpg 1920w\" sizes=\"auto, (max-width: 640px) 100vw, 640px\" \/><figcaption>Cr\u00e9dito de imagen: SHAPE<\/figcaption><\/figure>\n\n\n\n<p>El armaz\u00f3n SHAPE para la Sony a7S III viene con un sistema de bloqueo de cable extra\u00edble que te permite asegurar el cable HDMI en su lugar.<\/p>\n\n\n\n<figure class=\"wp-block-image size-large\"><img loading=\"lazy\" decoding=\"async\" width=\"640\" height=\"360\" src=\"https:\/\/www.cined.com\/content\/uploads\/2020\/10\/SHAPESonya7SIII_05-640x360.jpg\" alt=\"\" class=\"wp-image-159454\" srcset=\"https:\/\/staging.cined.dev\/content\/uploads\/2020\/10\/SHAPESonya7SIII_05-640x360.jpg 640w, https:\/\/staging.cined.dev\/content\/uploads\/2020\/10\/SHAPESonya7SIII_05-300x169.jpg 300w, https:\/\/staging.cined.dev\/content\/uploads\/2020\/10\/SHAPESonya7SIII_05-768x432.jpg 768w, https:\/\/staging.cined.dev\/content\/uploads\/2020\/10\/SHAPESonya7SIII_05-1536x864.jpg 1536w, https:\/\/staging.cined.dev\/content\/uploads\/2020\/10\/SHAPESonya7SIII_05-340x190.jpg 340w, https:\/\/staging.cined.dev\/content\/uploads\/2020\/10\/SHAPESonya7SIII_05-409x230.jpg 409w, https:\/\/staging.cined.dev\/content\/uploads\/2020\/10\/SHAPESonya7SIII_05-1600x900.jpg 1600w, https:\/\/staging.cined.dev\/content\/uploads\/2020\/10\/SHAPESonya7SIII_05.jpg 1920w\" sizes=\"auto, (max-width: 640px) 100vw, 640px\" \/><figcaption>Cr\u00e9dito de imagen: SHAPE<\/figcaption><\/figure>\n\n\n\n<p>En la parte inferior del armaz\u00f3n, hay dos puntos de montaje de 1\/4&#8243;-20 para sujetar la placa del tr\u00edpode.<\/p>\n\n\n\n<figure class=\"wp-block-image size-large\"><img loading=\"lazy\" decoding=\"async\" width=\"640\" height=\"360\" src=\"https:\/\/www.cined.com\/content\/uploads\/2020\/10\/SHAPESonya7SIII_01-640x360.jpg\" alt=\"\" class=\"wp-image-159442\" srcset=\"https:\/\/staging.cined.dev\/content\/uploads\/2020\/10\/SHAPESonya7SIII_01-640x360.jpg 640w, https:\/\/staging.cined.dev\/content\/uploads\/2020\/10\/SHAPESonya7SIII_01-300x169.jpg 300w, https:\/\/staging.cined.dev\/content\/uploads\/2020\/10\/SHAPESonya7SIII_01-768x432.jpg 768w, https:\/\/staging.cined.dev\/content\/uploads\/2020\/10\/SHAPESonya7SIII_01-1536x864.jpg 1536w, https:\/\/staging.cined.dev\/content\/uploads\/2020\/10\/SHAPESonya7SIII_01-340x190.jpg 340w, https:\/\/staging.cined.dev\/content\/uploads\/2020\/10\/SHAPESonya7SIII_01-409x230.jpg 409w, https:\/\/staging.cined.dev\/content\/uploads\/2020\/10\/SHAPESonya7SIII_01-1600x900.jpg 1600w, https:\/\/staging.cined.dev\/content\/uploads\/2020\/10\/SHAPESonya7SIII_01.jpg 1920w\" sizes=\"auto, (max-width: 640px) 100vw, 640px\" \/><figcaption>Cr\u00e9dito de imagen: SHAPE<\/figcaption><\/figure>\n\n\n\n<h2 class=\"wp-block-heading\">Armaz\u00f3n SHAPE para la Sony a7S III con mango superior<\/h2>\n\n\n\n<p>Hay otra versi\u00f3n de armaz\u00f3n disponible con un mango superior extra\u00edble. Se trata simplemente de un mango &#8220;normal&#8221; hecho de metal que se fija a la parte superior del armaz\u00f3n mediante un tornillo de 1\/4&#8243;-20.<\/p>\n\n\n\n<p>En el mango hay cuatro puntos de montaje de zapata fr\u00eda, varios puntos de montaje de 1\/4&#8243;-20 y 3\/8&#8243;-20, y tambi\u00e9n admite la posibilidad de montar una varilla de 15mm en la parte frontal del mismo.<\/p>\n\n\n\n<p>El mango est\u00e1 bien dise\u00f1ado, pero no cuenta con la tecnolog\u00eda de bot\u00f3n de SHAPE que permite girarlo y ajustarlo de forma r\u00e1pida y sin herramientas.<\/p>\n\n\n\n<figure class=\"wp-block-image size-large\"><img loading=\"lazy\" decoding=\"async\" width=\"640\" height=\"360\" src=\"https:\/\/www.cined.com\/content\/uploads\/2020\/10\/SHAPESonya7SIII_06-640x360.jpg\" alt=\"\" class=\"wp-image-159457\" srcset=\"https:\/\/staging.cined.dev\/content\/uploads\/2020\/10\/SHAPESonya7SIII_06-640x360.jpg 640w, https:\/\/staging.cined.dev\/content\/uploads\/2020\/10\/SHAPESonya7SIII_06-300x169.jpg 300w, https:\/\/staging.cined.dev\/content\/uploads\/2020\/10\/SHAPESonya7SIII_06-768x432.jpg 768w, https:\/\/staging.cined.dev\/content\/uploads\/2020\/10\/SHAPESonya7SIII_06-1536x864.jpg 1536w, https:\/\/staging.cined.dev\/content\/uploads\/2020\/10\/SHAPESonya7SIII_06-340x190.jpg 340w, https:\/\/staging.cined.dev\/content\/uploads\/2020\/10\/SHAPESonya7SIII_06-409x230.jpg 409w, https:\/\/staging.cined.dev\/content\/uploads\/2020\/10\/SHAPESonya7SIII_06-1600x900.jpg 1600w, https:\/\/staging.cined.dev\/content\/uploads\/2020\/10\/SHAPESonya7SIII_06.jpg 1920w\" sizes=\"auto, (max-width: 640px) 100vw, 640px\" \/><figcaption>Cr\u00e9dito de imagen: SHAPE<\/figcaption><\/figure>\n\n\n\n<h2 class=\"wp-block-heading\">Armaz\u00f3n SHAPE para la Sony a7S III con sistema de varilla LW de 15mm<\/h2>\n\n\n\n<p>Otra opci\u00f3n es el armaz\u00f3n SHAPE que cuenta con un sistema de varilla LW de 15mm. Este kit incluye el armaz\u00f3n, un mango superior de madera extra\u00edble con la tecnolog\u00eda de bot\u00f3n de SHAPE y una placa base de varilla LW de 15mm.<\/p>\n\n\n\n<figure class=\"wp-block-image size-large\"><img loading=\"lazy\" decoding=\"async\" width=\"640\" height=\"360\" src=\"https:\/\/www.cined.com\/content\/uploads\/2020\/10\/SHAPESonya7SIII_07-640x360.jpg\" alt=\"\" class=\"wp-image-159481\" srcset=\"https:\/\/staging.cined.dev\/content\/uploads\/2020\/10\/SHAPESonya7SIII_07-640x360.jpg 640w, https:\/\/staging.cined.dev\/content\/uploads\/2020\/10\/SHAPESonya7SIII_07-300x169.jpg 300w, https:\/\/staging.cined.dev\/content\/uploads\/2020\/10\/SHAPESonya7SIII_07-768x432.jpg 768w, https:\/\/staging.cined.dev\/content\/uploads\/2020\/10\/SHAPESonya7SIII_07-1536x864.jpg 1536w, https:\/\/staging.cined.dev\/content\/uploads\/2020\/10\/SHAPESonya7SIII_07-340x190.jpg 340w, https:\/\/staging.cined.dev\/content\/uploads\/2020\/10\/SHAPESonya7SIII_07-409x230.jpg 409w, https:\/\/staging.cined.dev\/content\/uploads\/2020\/10\/SHAPESonya7SIII_07-1600x900.jpg 1600w, https:\/\/staging.cined.dev\/content\/uploads\/2020\/10\/SHAPESonya7SIII_07.jpg 1920w\" sizes=\"auto, (max-width: 640px) 100vw, 640px\" \/><figcaption>Cr\u00e9dito de imagen: SHAPE<\/figcaption><\/figure>\n\n\n\n<p>El mango superior de madera se fija al armaz\u00f3n mediante tornillos y no bloquea la unidad de audio Sony XLR-K3M. En el mango hay varios puntos de montaje de 1\/4&#8243;-20 y 3\/8&#8243;-16, as\u00ed como algunos soportes de zapata fr\u00eda.<\/p>\n\n\n\n<p>Una caracter\u00edstica muy buena de este mango es que podr\u00e1s girarlo 360\u00b0 con solo presionar el bot\u00f3n rojo. Solo presi\u00f3nalo, gira el mango, su\u00e9ltalo y pum!, ya est\u00e1s listo para comenzar.<\/p>\n\n\n\n<figure class=\"wp-block-image size-large\"><img loading=\"lazy\" decoding=\"async\" width=\"640\" height=\"360\" src=\"https:\/\/www.cined.com\/content\/uploads\/2020\/10\/SHAPESonya7SIII_08-640x360.jpg\" alt=\"\" class=\"wp-image-159484\" srcset=\"https:\/\/staging.cined.dev\/content\/uploads\/2020\/10\/SHAPESonya7SIII_08-640x360.jpg 640w, https:\/\/staging.cined.dev\/content\/uploads\/2020\/10\/SHAPESonya7SIII_08-300x169.jpg 300w, https:\/\/staging.cined.dev\/content\/uploads\/2020\/10\/SHAPESonya7SIII_08-768x432.jpg 768w, https:\/\/staging.cined.dev\/content\/uploads\/2020\/10\/SHAPESonya7SIII_08-1536x864.jpg 1536w, https:\/\/staging.cined.dev\/content\/uploads\/2020\/10\/SHAPESonya7SIII_08-340x190.jpg 340w, https:\/\/staging.cined.dev\/content\/uploads\/2020\/10\/SHAPESonya7SIII_08-409x230.jpg 409w, https:\/\/staging.cined.dev\/content\/uploads\/2020\/10\/SHAPESonya7SIII_08-1600x900.jpg 1600w, https:\/\/staging.cined.dev\/content\/uploads\/2020\/10\/SHAPESonya7SIII_08.jpg 1920w\" sizes=\"auto, (max-width: 640px) 100vw, 640px\" \/><figcaption>Cr\u00e9dito de imagen: SHAPE<\/figcaption><\/figure>\n\n\n\n<p>Este kit viene con una cu\u00f1a con montura V-Mount que se fija a la parte inferior del armaz\u00f3n para que tu c\u00e1mara se deslice en la placa base de la varilla LW de 15mm y se bloquee en su lugar.<\/p>\n\n\n\n<p>Adem\u00e1s, hay dos puntos de montaje de 3\/8&#8243;-16 y tres de 1\/4&#8243;-20 en la parte inferior de la placa base para que puedas colocar la placa de liberaci\u00f3n r\u00e1pida del tr\u00edpode.<\/p>\n\n\n\n<p>Finalmente, este kit viene con un par de varillas de 10\u201d y 15mm, as\u00ed como una roseta ARRI que puedes colocar en el lado derecho del armaz\u00f3n para montar accesorios adicionales.<\/p>\n\n\n\n<h2 class=\"wp-block-heading\">Precios y disponibilidad<\/h2>\n\n\n\n<p>Todos los accesorios de SHAPE para la Sony a7S III ya est\u00e1n disponibles. El armaz\u00f3n cuesta $198,00\/\u20ac221,00, el kit con el mango superior cuesta $263,00\/\u20ac294,00 y el armaz\u00f3n con el asa superior de madera m\u00e1s el sistema de varilla LW de 15mm tiene un precio de $483,00\/\u20ac540,00. Si necesitas un Follow Focus, una mattebox o una montura para el hombro, tambi\u00e9n hay otros paquetes disponibles a partir de $700\/\u20ac730,00.<\/p>\n\n\n\n<p>Si deseas obtener m\u00e1s informaci\u00f3n, puedes visitar el <a rel=\"noreferrer noopener\" href=\"https:\/\/www.shapewlb.com\/a7s-iii\/\" target=\"_blank\">sitio web de SHAPE aqu\u00ed<\/a>. Si bien te invitamos a que utilices los enlaces de B&amp;H y CVP, nuestros patrocinadores afiliados, para respaldar a CineD, es justo comentar que puedes ahorrar un 25% en SHAPE Store hasta el 12 de octubre de 2020 si utilizas el c\u00f3digo FALL2020 al momento de pagar. <\/p>\n\n\n\n<p><strong>\u00bfQu\u00e9 opinas de estas nuevas soluciones de armazones SHAPE para la a7S III? \u00bfCu\u00e1les son tus opciones de montaje favoritas para la Sony a7S III? \u00bfYa recibiste tu c\u00e1mara? \u00a1No dudes en contarnos en los comentarios a continuaci\u00f3n!<\/strong><\/p>\n<159582-main-buylinks\/>","protected":false,"clean_render":"<p class=\"has-drop-cap\"><strong>SHAPE acaba de lanzar varias soluciones de montaje para la Sony a7S III, entre las que se incluyen un armaz\u00f3n, un mango superior de madera con bot\u00f3n pulsador compatible con la unidad de audio de Sony y una placa base <strong>liviana<\/strong><\/strong> <strong>de varillas de 15mm. \u00a1Ech\u00e9mosle un vistazo a todas estas piezas de kit SHAPE para la Sony a7S III!<\/strong><\/p><159582-inline-buylinks\/>\n\n\n\n<h2 class=\"wp-block-heading\">Armaz\u00f3n SHAPE para la Sony a7S III<\/h2>\n\n\n\n<p>Siguiendo los pasos de <a rel=\"noreferrer noopener\" target=\"_blank\" href=\"https:\/\/www.cined.com\/es\/tilta-camera-rig-for-sony-a7s-iii-announced\/\">Tilta<\/a> y <a rel=\"noreferrer noopener\" target=\"_blank\" href=\"https:\/\/www.cined.com\/es\/smallrig-sony-a7s-iii-cage-packages\/\">Smallrig<\/a>, el fabricante canadiense SHAPE lanz\u00f3 sus soluciones de armaz\u00f3n y montaje para la Sony a7S III.<\/p>\n\n\n\n<figure class=\"wp-block-image size-large\"><img loading=\"lazy\" decoding=\"async\" width=\"640\" height=\"360\" src=\"https:\/\/www.cined.com\/content\/uploads\/2020\/10\/SHAPESonya7SIII_02-640x360.jpg\" alt=\"\" class=\"wp-image-159445\" srcset=\"https:\/\/staging.cined.dev\/content\/uploads\/2020\/10\/SHAPESonya7SIII_02-640x360.jpg 640w, https:\/\/staging.cined.dev\/content\/uploads\/2020\/10\/SHAPESonya7SIII_02-300x169.jpg 300w, https:\/\/staging.cined.dev\/content\/uploads\/2020\/10\/SHAPESonya7SIII_02-768x432.jpg 768w, https:\/\/staging.cined.dev\/content\/uploads\/2020\/10\/SHAPESonya7SIII_02-1536x864.jpg 1536w, https:\/\/staging.cined.dev\/content\/uploads\/2020\/10\/SHAPESonya7SIII_02-340x190.jpg 340w, https:\/\/staging.cined.dev\/content\/uploads\/2020\/10\/SHAPESonya7SIII_02-409x230.jpg 409w, https:\/\/staging.cined.dev\/content\/uploads\/2020\/10\/SHAPESonya7SIII_02-1600x900.jpg 1600w, https:\/\/staging.cined.dev\/content\/uploads\/2020\/10\/SHAPESonya7SIII_02.jpg 1920w\" sizes=\"auto, (max-width: 640px) 100vw, 640px\" \/><figcaption>Cr\u00e9dito de imagen: SHAPE<\/figcaption><\/figure>\n\n\n\n<p>El armaz\u00f3n SHAPE est\u00e1 hecho de aluminio mecanizado por CNC. La c\u00e1mara se puede fijar en el mismo mediante un tornillo de 1\/4&#8243;-20 ubicado en la parte inferior. Adem\u00e1s, hay una peque\u00f1a solapa en la parte inferior frontal que evita que la c\u00e1mara gire dentro del armaz\u00f3n.<\/p>\n\n\n\n<p>Aqu\u00ed hay una lista de todos los puntos de montaje que te brinda el armaz\u00f3n SHAPE para la a7S III:<\/p>\n\n\n\n<ul class=\"wp-block-list\"><li>Una zapata fr\u00eda en el lado izquierdo (si la c\u00e1mara est\u00e1 frente a ti).<\/li><li>Una docena de orificios roscados de 1\/4&#8243;-20 alrededor del armaz\u00f3n.<\/li><li>Siete orificios roscados de 3\/8&#8243;-16 con pasadores de posicionamiento antirrotaci\u00f3n de ARRI.<\/li><\/ul>\n\n\n\n<figure class=\"wp-block-image size-large\"><img loading=\"lazy\" decoding=\"async\" width=\"640\" height=\"360\" src=\"https:\/\/www.cined.com\/content\/uploads\/2020\/10\/SHAPESonya7SIII_03-640x360.jpg\" alt=\"\" class=\"wp-image-159448\" srcset=\"https:\/\/staging.cined.dev\/content\/uploads\/2020\/10\/SHAPESonya7SIII_03-640x360.jpg 640w, https:\/\/staging.cined.dev\/content\/uploads\/2020\/10\/SHAPESonya7SIII_03-300x169.jpg 300w, https:\/\/staging.cined.dev\/content\/uploads\/2020\/10\/SHAPESonya7SIII_03-768x432.jpg 768w, https:\/\/staging.cined.dev\/content\/uploads\/2020\/10\/SHAPESonya7SIII_03-1536x864.jpg 1536w, https:\/\/staging.cined.dev\/content\/uploads\/2020\/10\/SHAPESonya7SIII_03-340x190.jpg 340w, https:\/\/staging.cined.dev\/content\/uploads\/2020\/10\/SHAPESonya7SIII_03-409x230.jpg 409w, https:\/\/staging.cined.dev\/content\/uploads\/2020\/10\/SHAPESonya7SIII_03-1600x900.jpg 1600w, https:\/\/staging.cined.dev\/content\/uploads\/2020\/10\/SHAPESonya7SIII_03.jpg 1920w\" sizes=\"auto, (max-width: 640px) 100vw, 640px\" \/><figcaption>Cr\u00e9dito de imagen: SHAPE<\/figcaption><\/figure>\n\n\n\n<p>El armaz\u00f3n no obstaculiza ninguno de los botones de control, puertos de entrada\/salida, ganchos de correa, ni las ranuras para las tarjetas de memoria\/compartimiento de la bater\u00eda y, lo que es m\u00e1s importante, la zapata de la c\u00e1mara, que te permite conectar la unidad de audio XLR-K3M de Sony.<\/p>\n\n\n\n<figure class=\"wp-block-image size-large\"><img loading=\"lazy\" decoding=\"async\" width=\"640\" height=\"360\" src=\"https:\/\/www.cined.com\/content\/uploads\/2020\/10\/SHAPESonya7SIII_04-640x360.jpg\" alt=\"\" class=\"wp-image-159451\" srcset=\"https:\/\/staging.cined.dev\/content\/uploads\/2020\/10\/SHAPESonya7SIII_04-640x360.jpg 640w, https:\/\/staging.cined.dev\/content\/uploads\/2020\/10\/SHAPESonya7SIII_04-300x169.jpg 300w, https:\/\/staging.cined.dev\/content\/uploads\/2020\/10\/SHAPESonya7SIII_04-768x432.jpg 768w, https:\/\/staging.cined.dev\/content\/uploads\/2020\/10\/SHAPESonya7SIII_04-1536x864.jpg 1536w, https:\/\/staging.cined.dev\/content\/uploads\/2020\/10\/SHAPESonya7SIII_04-340x190.jpg 340w, https:\/\/staging.cined.dev\/content\/uploads\/2020\/10\/SHAPESonya7SIII_04-409x230.jpg 409w, https:\/\/staging.cined.dev\/content\/uploads\/2020\/10\/SHAPESonya7SIII_04-1600x900.jpg 1600w, https:\/\/staging.cined.dev\/content\/uploads\/2020\/10\/SHAPESonya7SIII_04.jpg 1920w\" sizes=\"auto, (max-width: 640px) 100vw, 640px\" \/><figcaption>Cr\u00e9dito de imagen: SHAPE<\/figcaption><\/figure>\n\n\n\n<p>El armaz\u00f3n SHAPE para la Sony a7S III viene con un sistema de bloqueo de cable extra\u00edble que te permite asegurar el cable HDMI en su lugar.<\/p>\n\n\n\n<figure class=\"wp-block-image size-large\"><img loading=\"lazy\" decoding=\"async\" width=\"640\" height=\"360\" src=\"https:\/\/www.cined.com\/content\/uploads\/2020\/10\/SHAPESonya7SIII_05-640x360.jpg\" alt=\"\" class=\"wp-image-159454\" srcset=\"https:\/\/staging.cined.dev\/content\/uploads\/2020\/10\/SHAPESonya7SIII_05-640x360.jpg 640w, https:\/\/staging.cined.dev\/content\/uploads\/2020\/10\/SHAPESonya7SIII_05-300x169.jpg 300w, https:\/\/staging.cined.dev\/content\/uploads\/2020\/10\/SHAPESonya7SIII_05-768x432.jpg 768w, https:\/\/staging.cined.dev\/content\/uploads\/2020\/10\/SHAPESonya7SIII_05-1536x864.jpg 1536w, https:\/\/staging.cined.dev\/content\/uploads\/2020\/10\/SHAPESonya7SIII_05-340x190.jpg 340w, https:\/\/staging.cined.dev\/content\/uploads\/2020\/10\/SHAPESonya7SIII_05-409x230.jpg 409w, https:\/\/staging.cined.dev\/content\/uploads\/2020\/10\/SHAPESonya7SIII_05-1600x900.jpg 1600w, https:\/\/staging.cined.dev\/content\/uploads\/2020\/10\/SHAPESonya7SIII_05.jpg 1920w\" sizes=\"auto, (max-width: 640px) 100vw, 640px\" \/><figcaption>Cr\u00e9dito de imagen: SHAPE<\/figcaption><\/figure>\n\n\n\n<p>En la parte inferior del armaz\u00f3n, hay dos puntos de montaje de 1\/4&#8243;-20 para sujetar la placa del tr\u00edpode.<\/p>\n\n\n\n<figure class=\"wp-block-image size-large\"><img loading=\"lazy\" decoding=\"async\" width=\"640\" height=\"360\" src=\"https:\/\/www.cined.com\/content\/uploads\/2020\/10\/SHAPESonya7SIII_01-640x360.jpg\" alt=\"\" class=\"wp-image-159442\" srcset=\"https:\/\/staging.cined.dev\/content\/uploads\/2020\/10\/SHAPESonya7SIII_01-640x360.jpg 640w, https:\/\/staging.cined.dev\/content\/uploads\/2020\/10\/SHAPESonya7SIII_01-300x169.jpg 300w, https:\/\/staging.cined.dev\/content\/uploads\/2020\/10\/SHAPESonya7SIII_01-768x432.jpg 768w, https:\/\/staging.cined.dev\/content\/uploads\/2020\/10\/SHAPESonya7SIII_01-1536x864.jpg 1536w, https:\/\/staging.cined.dev\/content\/uploads\/2020\/10\/SHAPESonya7SIII_01-340x190.jpg 340w, https:\/\/staging.cined.dev\/content\/uploads\/2020\/10\/SHAPESonya7SIII_01-409x230.jpg 409w, https:\/\/staging.cined.dev\/content\/uploads\/2020\/10\/SHAPESonya7SIII_01-1600x900.jpg 1600w, https:\/\/staging.cined.dev\/content\/uploads\/2020\/10\/SHAPESonya7SIII_01.jpg 1920w\" sizes=\"auto, (max-width: 640px) 100vw, 640px\" \/><figcaption>Cr\u00e9dito de imagen: SHAPE<\/figcaption><\/figure>\n\n\n\n<h2 class=\"wp-block-heading\">Armaz\u00f3n SHAPE para la Sony a7S III con mango superior<\/h2>\n\n\n\n<p>Hay otra versi\u00f3n de armaz\u00f3n disponible con un mango superior extra\u00edble. Se trata simplemente de un mango &#8220;normal&#8221; hecho de metal que se fija a la parte superior del armaz\u00f3n mediante un tornillo de 1\/4&#8243;-20.<\/p>\n\n\n\n<p>En el mango hay cuatro puntos de montaje de zapata fr\u00eda, varios puntos de montaje de 1\/4&#8243;-20 y 3\/8&#8243;-20, y tambi\u00e9n admite la posibilidad de montar una varilla de 15mm en la parte frontal del mismo.<\/p>\n\n\n\n<p>El mango est\u00e1 bien dise\u00f1ado, pero no cuenta con la tecnolog\u00eda de bot\u00f3n de SHAPE que permite girarlo y ajustarlo de forma r\u00e1pida y sin herramientas.<\/p>\n\n\n\n<figure class=\"wp-block-image size-large\"><img loading=\"lazy\" decoding=\"async\" width=\"640\" height=\"360\" src=\"https:\/\/www.cined.com\/content\/uploads\/2020\/10\/SHAPESonya7SIII_06-640x360.jpg\" alt=\"\" class=\"wp-image-159457\" srcset=\"https:\/\/staging.cined.dev\/content\/uploads\/2020\/10\/SHAPESonya7SIII_06-640x360.jpg 640w, https:\/\/staging.cined.dev\/content\/uploads\/2020\/10\/SHAPESonya7SIII_06-300x169.jpg 300w, https:\/\/staging.cined.dev\/content\/uploads\/2020\/10\/SHAPESonya7SIII_06-768x432.jpg 768w, https:\/\/staging.cined.dev\/content\/uploads\/2020\/10\/SHAPESonya7SIII_06-1536x864.jpg 1536w, https:\/\/staging.cined.dev\/content\/uploads\/2020\/10\/SHAPESonya7SIII_06-340x190.jpg 340w, https:\/\/staging.cined.dev\/content\/uploads\/2020\/10\/SHAPESonya7SIII_06-409x230.jpg 409w, https:\/\/staging.cined.dev\/content\/uploads\/2020\/10\/SHAPESonya7SIII_06-1600x900.jpg 1600w, https:\/\/staging.cined.dev\/content\/uploads\/2020\/10\/SHAPESonya7SIII_06.jpg 1920w\" sizes=\"auto, (max-width: 640px) 100vw, 640px\" \/><figcaption>Cr\u00e9dito de imagen: SHAPE<\/figcaption><\/figure>\n\n\n\n<h2 class=\"wp-block-heading\">Armaz\u00f3n SHAPE para la Sony a7S III con sistema de varilla LW de 15mm<\/h2>\n\n\n\n<p>Otra opci\u00f3n es el armaz\u00f3n SHAPE que cuenta con un sistema de varilla LW de 15mm. Este kit incluye el armaz\u00f3n, un mango superior de madera extra\u00edble con la tecnolog\u00eda de bot\u00f3n de SHAPE y una placa base de varilla LW de 15mm.<\/p>\n\n\n\n<figure class=\"wp-block-image size-large\"><img loading=\"lazy\" decoding=\"async\" width=\"640\" height=\"360\" src=\"https:\/\/www.cined.com\/content\/uploads\/2020\/10\/SHAPESonya7SIII_07-640x360.jpg\" alt=\"\" class=\"wp-image-159481\" srcset=\"https:\/\/staging.cined.dev\/content\/uploads\/2020\/10\/SHAPESonya7SIII_07-640x360.jpg 640w, https:\/\/staging.cined.dev\/content\/uploads\/2020\/10\/SHAPESonya7SIII_07-300x169.jpg 300w, https:\/\/staging.cined.dev\/content\/uploads\/2020\/10\/SHAPESonya7SIII_07-768x432.jpg 768w, https:\/\/staging.cined.dev\/content\/uploads\/2020\/10\/SHAPESonya7SIII_07-1536x864.jpg 1536w, https:\/\/staging.cined.dev\/content\/uploads\/2020\/10\/SHAPESonya7SIII_07-340x190.jpg 340w, https:\/\/staging.cined.dev\/content\/uploads\/2020\/10\/SHAPESonya7SIII_07-409x230.jpg 409w, https:\/\/staging.cined.dev\/content\/uploads\/2020\/10\/SHAPESonya7SIII_07-1600x900.jpg 1600w, https:\/\/staging.cined.dev\/content\/uploads\/2020\/10\/SHAPESonya7SIII_07.jpg 1920w\" sizes=\"auto, (max-width: 640px) 100vw, 640px\" \/><figcaption>Cr\u00e9dito de imagen: SHAPE<\/figcaption><\/figure>\n\n\n\n<p>El mango superior de madera se fija al armaz\u00f3n mediante tornillos y no bloquea la unidad de audio Sony XLR-K3M. En el mango hay varios puntos de montaje de 1\/4&#8243;-20 y 3\/8&#8243;-16, as\u00ed como algunos soportes de zapata fr\u00eda.<\/p>\n\n\n\n<p>Una caracter\u00edstica muy buena de este mango es que podr\u00e1s girarlo 360\u00b0 con solo presionar el bot\u00f3n rojo. Solo presi\u00f3nalo, gira el mango, su\u00e9ltalo y pum!, ya est\u00e1s listo para comenzar.<\/p>\n\n\n\n<figure class=\"wp-block-image size-large\"><img loading=\"lazy\" decoding=\"async\" width=\"640\" height=\"360\" src=\"https:\/\/www.cined.com\/content\/uploads\/2020\/10\/SHAPESonya7SIII_08-640x360.jpg\" alt=\"\" class=\"wp-image-159484\" srcset=\"https:\/\/staging.cined.dev\/content\/uploads\/2020\/10\/SHAPESonya7SIII_08-640x360.jpg 640w, https:\/\/staging.cined.dev\/content\/uploads\/2020\/10\/SHAPESonya7SIII_08-300x169.jpg 300w, https:\/\/staging.cined.dev\/content\/uploads\/2020\/10\/SHAPESonya7SIII_08-768x432.jpg 768w, https:\/\/staging.cined.dev\/content\/uploads\/2020\/10\/SHAPESonya7SIII_08-1536x864.jpg 1536w, https:\/\/staging.cined.dev\/content\/uploads\/2020\/10\/SHAPESonya7SIII_08-340x190.jpg 340w, https:\/\/staging.cined.dev\/content\/uploads\/2020\/10\/SHAPESonya7SIII_08-409x230.jpg 409w, https:\/\/staging.cined.dev\/content\/uploads\/2020\/10\/SHAPESonya7SIII_08-1600x900.jpg 1600w, https:\/\/staging.cined.dev\/content\/uploads\/2020\/10\/SHAPESonya7SIII_08.jpg 1920w\" sizes=\"auto, (max-width: 640px) 100vw, 640px\" \/><figcaption>Cr\u00e9dito de imagen: SHAPE<\/figcaption><\/figure>\n\n\n\n<p>Este kit viene con una cu\u00f1a con montura V-Mount que se fija a la parte inferior del armaz\u00f3n para que tu c\u00e1mara se deslice en la placa base de la varilla LW de 15mm y se bloquee en su lugar.<\/p>\n\n\n\n<p>Adem\u00e1s, hay dos puntos de montaje de 3\/8&#8243;-16 y tres de 1\/4&#8243;-20 en la parte inferior de la placa base para que puedas colocar la placa de liberaci\u00f3n r\u00e1pida del tr\u00edpode.<\/p>\n\n\n\n<p>Finalmente, este kit viene con un par de varillas de 10\u201d y 15mm, as\u00ed como una roseta ARRI que puedes colocar en el lado derecho del armaz\u00f3n para montar accesorios adicionales.<\/p>\n\n\n\n<h2 class=\"wp-block-heading\">Precios y disponibilidad<\/h2>\n\n\n\n<p>Todos los accesorios de SHAPE para la Sony a7S III ya est\u00e1n disponibles. El armaz\u00f3n cuesta $198,00\/\u20ac221,00, el kit con el mango superior cuesta $263,00\/\u20ac294,00 y el armaz\u00f3n con el asa superior de madera m\u00e1s el sistema de varilla LW de 15mm tiene un precio de $483,00\/\u20ac540,00. Si necesitas un Follow Focus, una mattebox o una montura para el hombro, tambi\u00e9n hay otros paquetes disponibles a partir de $700\/\u20ac730,00.<\/p>\n\n\n\n<p>Si deseas obtener m\u00e1s informaci\u00f3n, puedes visitar el <a rel=\"noreferrer noopener\" href=\"https:\/\/www.shapewlb.com\/a7s-iii\/\" target=\"_blank\">sitio web de SHAPE aqu\u00ed<\/a>. Si bien te invitamos a que utilices los enlaces de B&amp;H y CVP, nuestros patrocinadores afiliados, para respaldar a CineD, es justo comentar que puedes ahorrar un 25% en SHAPE Store hasta el 12 de octubre de 2020 si utilizas el c\u00f3digo FALL2020 al momento de pagar. <\/p>\n\n\n\n<p><strong>\u00bfQu\u00e9 opinas de estas nuevas soluciones de armazones SHAPE para la a7S III? \u00bfCu\u00e1les son tus opciones de montaje favoritas para la Sony a7S III? \u00bfYa recibiste tu c\u00e1mara? \u00a1No dudes en contarnos en los comentarios a continuaci\u00f3n!<\/strong><\/p>\n<159582-main-buylinks\/>"},"excerpt":{"rendered":"<p>SHAPE acaba de lanzar varias soluciones de montaje para la Sony a7S III, entre las que se incluyen un armaz\u00f3n, un mango superior de madera con bot\u00f3n pulsador compatible con la unidad de audio de Sony y una placa base liviana de varillas de 15mm. \u00a1Ech\u00e9mosle un vistazo a todas estas piezas de kit SHAPE para la Sony a7S III! Armaz\u00f3n SHAPE para la Sony a7S III Siguiendo los pasos de Tilta y Smallrig, el fabricante canadiense SHAPE lanz\u00f3 sus soluciones de armaz\u00f3n y montaje para la Sony a7S III. El armaz\u00f3n SHAPE est\u00e1 hecho de aluminio mecanizado por CNC. La c\u00e1mara se puede fijar en el mismo mediante un [&hellip;]<\/p>\n","protected":false},"author":15720,"featured_media":159441,"comment_status":"open","ping_status":"closed","sticky":false,"template":"","format":"standard","meta":{"footnotes":"","_links_to":"","_links_to_target":""},"categories":[{"id":42290,"name":"Noticias","link":"https:\/\/staging.cined.dev\/es\/noticias\/","slug":"noticias"},{"id":42299,"name":"Accesorios","link":"https:\/\/staging.cined.dev\/es\/noticias\/accesorios\/","slug":"accesorios"}],"tags":[24285,27073,52997,52998,51745,52993,52994,52995],"tag_label":[52833],"brand":[52996,51341],"class_list":["post-159582","post","type-post","status-publish","format-standard","has-post-thumbnail","hentry","category-noticias","category-accesorios","tag-shape-es","tag-sony-a7s-iii-es","tag-armazones-para-la-sony-a7s-iii","tag-montaje-para-la-sony-a7s-iii","tag-kit-2","tag-shape-sony-a7s-iii-es","tag-sony-a7s-iii-cage-es","tag-sony-a7s-iii-rig-es","tag_label-camera-cage-es","brand-shape-es","brand-sony-es"],"yoast_head":"<!-- This site is optimized with the Yoast SEO Premium plugin v20.10 (Yoast SEO v25.3) - https:\/\/yoast.com\/wordpress\/plugins\/seo\/ -->\n<title>SHAPE lanz\u00f3 soluciones de armazones y montaje para la Sony a7S III | CineD<\/title>\n<meta name=\"description\" content=\"SHAPE has just released the SHAPE Sony a7S III cage and rigging solutions that are compatible with Sony&#039;s latest full-frame mirrorless camera.\" \/>\n<meta name=\"robots\" content=\"index, follow, max-snippet:-1, max-image-preview:large, max-video-preview:-1\" \/>\n<link rel=\"canonical\" href=\"https:\/\/staging.cined.dev\/es\/shape-sony-a7s-iii-cage-and-rigging-solutions-released\/\" \/>\n<meta property=\"og:locale\" content=\"es_ES\" \/>\n<meta property=\"og:type\" content=\"article\" \/>\n<meta property=\"og:title\" content=\"SHAPE lanz\u00f3 soluciones de armazones y montaje para la Sony a7S III | CineD\" \/>\n<meta property=\"og:description\" content=\"SHAPE has just released the SHAPE Sony a7S III cage and rigging solutions that are compatible with Sony&#039;s latest full-frame mirrorless camera.\" \/>\n<meta property=\"og:url\" content=\"https:\/\/staging.cined.dev\/es\/shape-sony-a7s-iii-cage-and-rigging-solutions-released\/\" \/>\n<meta property=\"og:site_name\" content=\"CineD\" \/>\n<meta property=\"article:publisher\" content=\"http:\/\/www.facebook.com\/C5Dnews\" \/>\n<meta property=\"article:author\" content=\"https:\/\/www.facebook.com\/JeffLochOfficiel\/\" \/>\n<meta property=\"article:published_time\" content=\"2020-10-06T14:32:26+00:00\" \/>\n<meta property=\"article:modified_time\" content=\"2020-10-07T18:09:43+00:00\" \/>\n<meta property=\"og:image\" content=\"https:\/\/www.cined.com\/content\/uploads\/2020\/10\/SHAPESonya7SIII_Featured.jpg\" \/>\n\t<meta property=\"og:image:width\" content=\"1920\" \/>\n\t<meta property=\"og:image:height\" content=\"1080\" \/>\n\t<meta property=\"og:image:type\" content=\"image\/jpeg\" \/>\n<meta name=\"author\" content=\"Jeff Loch\" \/>\n<meta name=\"twitter:card\" content=\"summary_large_image\" \/>\n<meta name=\"twitter:creator\" content=\"@c5dnews\" \/>\n<meta name=\"twitter:site\" content=\"@c5dnews\" \/>\n<meta name=\"twitter:label1\" content=\"Written by\" \/>\n\t<meta name=\"twitter:data1\" content=\"Jeff Loch\" \/>\n\t<meta name=\"twitter:label2\" content=\"Est. reading time\" \/>\n\t<meta name=\"twitter:data2\" content=\"5 minutes\" \/>\n<script type=\"application\/ld+json\" class=\"yoast-schema-graph\">{\"@context\":\"https:\/\/schema.org\",\"@graph\":[{\"@type\":\"Article\",\"@id\":\"https:\/\/staging.cined.dev\/es\/shape-sony-a7s-iii-cage-and-rigging-solutions-released\/#article\",\"isPartOf\":{\"@id\":\"https:\/\/staging.cined.dev\/es\/shape-sony-a7s-iii-cage-and-rigging-solutions-released\/\"},\"author\":{\"name\":\"Jeff Loch\",\"@id\":\"https:\/\/www.cined.com\/#\/schema\/person\/556394dcf5edfa4239078306ccc7b55b\"},\"headline\":\"SHAPE lanz\u00f3 soluciones de armazones y montaje para la Sony a7S III\",\"datePublished\":\"2020-10-06T14:32:26+00:00\",\"dateModified\":\"2020-10-07T18:09:43+00:00\",\"mainEntityOfPage\":{\"@id\":\"https:\/\/staging.cined.dev\/es\/shape-sony-a7s-iii-cage-and-rigging-solutions-released\/\"},\"wordCount\":924,\"commentCount\":0,\"publisher\":{\"@id\":\"https:\/\/www.cined.com\/#organization\"},\"image\":{\"@id\":\"https:\/\/staging.cined.dev\/es\/shape-sony-a7s-iii-cage-and-rigging-solutions-released\/#primaryimage\"},\"thumbnailUrl\":\"https:\/\/staging.cined.dev\/content\/uploads\/2020\/10\/SHAPESonya7SIII_Featured.jpg\",\"keywords\":[\"shape\",\"SONY A7S III\",\"armazones para la Sony a7S III\",\"montaje para la Sony a7S III\",\"kit\",\"SHAPE Sony a7S III\",\"Sony a7S III Cage\",\"Sony a7S III Rig\"],\"articleSection\":[\"Noticias\",\"Accesorios\"],\"inLanguage\":\"es-ES\",\"potentialAction\":[{\"@type\":\"CommentAction\",\"name\":\"Comment\",\"target\":[\"https:\/\/staging.cined.dev\/es\/shape-sony-a7s-iii-cage-and-rigging-solutions-released\/#respond\"]}]},{\"@type\":\"WebPage\",\"@id\":\"https:\/\/staging.cined.dev\/es\/shape-sony-a7s-iii-cage-and-rigging-solutions-released\/\",\"url\":\"https:\/\/staging.cined.dev\/es\/shape-sony-a7s-iii-cage-and-rigging-solutions-released\/\",\"name\":\"SHAPE lanz\u00f3 soluciones de armazones y montaje para la Sony a7S III | CineD\",\"isPartOf\":{\"@id\":\"https:\/\/www.cined.com\/#website\"},\"primaryImageOfPage\":{\"@id\":\"https:\/\/staging.cined.dev\/es\/shape-sony-a7s-iii-cage-and-rigging-solutions-released\/#primaryimage\"},\"image\":{\"@id\":\"https:\/\/staging.cined.dev\/es\/shape-sony-a7s-iii-cage-and-rigging-solutions-released\/#primaryimage\"},\"thumbnailUrl\":\"https:\/\/staging.cined.dev\/content\/uploads\/2020\/10\/SHAPESonya7SIII_Featured.jpg\",\"datePublished\":\"2020-10-06T14:32:26+00:00\",\"dateModified\":\"2020-10-07T18:09:43+00:00\",\"description\":\"SHAPE has just released the SHAPE Sony a7S III cage and rigging solutions that are compatible with Sony's latest full-frame mirrorless camera.\",\"inLanguage\":\"es-ES\",\"potentialAction\":[{\"@type\":\"ReadAction\",\"target\":[\"https:\/\/staging.cined.dev\/es\/shape-sony-a7s-iii-cage-and-rigging-solutions-released\/\"]}]},{\"@type\":\"ImageObject\",\"inLanguage\":\"es-ES\",\"@id\":\"https:\/\/staging.cined.dev\/es\/shape-sony-a7s-iii-cage-and-rigging-solutions-released\/#primaryimage\",\"url\":\"https:\/\/staging.cined.dev\/content\/uploads\/2020\/10\/SHAPESonya7SIII_Featured.jpg\",\"contentUrl\":\"https:\/\/staging.cined.dev\/content\/uploads\/2020\/10\/SHAPESonya7SIII_Featured.jpg\",\"width\":1920,\"height\":1080,\"caption\":\"Image credit: SHAPE\"},{\"@type\":\"WebSite\",\"@id\":\"https:\/\/www.cined.com\/#website\",\"url\":\"https:\/\/www.cined.com\/\",\"name\":\"CineD\",\"description\":\"\",\"publisher\":{\"@id\":\"https:\/\/www.cined.com\/#organization\"},\"potentialAction\":[{\"@type\":\"SearchAction\",\"target\":{\"@type\":\"EntryPoint\",\"urlTemplate\":\"https:\/\/www.cined.com\/?s={search_term_string}\"},\"query-input\":{\"@type\":\"PropertyValueSpecification\",\"valueRequired\":true,\"valueName\":\"search_term_string\"}}],\"inLanguage\":\"es-ES\"},{\"@type\":\"Organization\",\"@id\":\"https:\/\/www.cined.com\/#organization\",\"name\":\"CineD\",\"url\":\"https:\/\/www.cined.com\/\",\"logo\":{\"@type\":\"ImageObject\",\"inLanguage\":\"es-ES\",\"@id\":\"https:\/\/www.cined.com\/#\/schema\/logo\/image\/\",\"url\":\"https:\/\/staging.cined.dev\/content\/uploads\/2020\/08\/logo_email.jpg\",\"contentUrl\":\"https:\/\/staging.cined.dev\/content\/uploads\/2020\/08\/logo_email.jpg\",\"width\":313,\"height\":285,\"caption\":\"CineD\"},\"image\":{\"@id\":\"https:\/\/www.cined.com\/#\/schema\/logo\/image\/\"},\"sameAs\":[\"http:\/\/www.facebook.com\/C5Dnews\",\"https:\/\/x.com\/c5dnews\",\"https:\/\/www.youtube.com\/user\/cinema5Dnews\"]},{\"@type\":\"Person\",\"@id\":\"https:\/\/www.cined.com\/#\/schema\/person\/556394dcf5edfa4239078306ccc7b55b\",\"name\":\"Jeff Loch\",\"image\":{\"@type\":\"ImageObject\",\"inLanguage\":\"es-ES\",\"@id\":\"https:\/\/www.cined.com\/#\/schema\/person\/image\/\",\"url\":\"https:\/\/secure.gravatar.com\/avatar\/1b77d7bc8cd4aacd78d6b0c8c5e4650584b81763970851db9e0e69915d468cc6?s=96&d=mm&r=g\",\"contentUrl\":\"https:\/\/secure.gravatar.com\/avatar\/1b77d7bc8cd4aacd78d6b0c8c5e4650584b81763970851db9e0e69915d468cc6?s=96&d=mm&r=g\",\"caption\":\"Jeff Loch\"},\"description\":\"Jeff Loch is a French freelance director, editor and colorist, working mostly on music videos, commercials, and corporate films.\",\"sameAs\":[\"https:\/\/www.jeffloch.com\/\",\"https:\/\/www.facebook.com\/JeffLochOfficiel\/\",\"https:\/\/www.instagram.com\/iamaneditor\/\"],\"url\":\"https:\/\/staging.cined.dev\/es\/author\/jeff-10\/\"}]}<\/script>\n<!-- \/ Yoast SEO Premium plugin. -->","yoast_head_json":{"title":"SHAPE lanz\u00f3 soluciones de armazones y montaje para la Sony a7S III | CineD","description":"SHAPE has just released the SHAPE Sony a7S III cage and rigging solutions that are compatible with Sony's latest full-frame mirrorless camera.","robots":{"index":"index","follow":"follow","max-snippet":"max-snippet:-1","max-image-preview":"max-image-preview:large","max-video-preview":"max-video-preview:-1"},"canonical":"https:\/\/staging.cined.dev\/es\/shape-sony-a7s-iii-cage-and-rigging-solutions-released\/","og_locale":"es_ES","og_type":"article","og_title":"SHAPE lanz\u00f3 soluciones de armazones y montaje para la Sony a7S III | CineD","og_description":"SHAPE has just released the SHAPE Sony a7S III cage and rigging solutions that are compatible with Sony's latest full-frame mirrorless camera.","og_url":"https:\/\/staging.cined.dev\/es\/shape-sony-a7s-iii-cage-and-rigging-solutions-released\/","og_site_name":"CineD","article_publisher":"http:\/\/www.facebook.com\/C5Dnews","article_author":"https:\/\/www.facebook.com\/JeffLochOfficiel\/","article_published_time":"2020-10-06T14:32:26+00:00","article_modified_time":"2020-10-07T18:09:43+00:00","og_image":[{"width":1920,"height":1080,"url":"https:\/\/www.cined.com\/content\/uploads\/2020\/10\/SHAPESonya7SIII_Featured.jpg","type":"image\/jpeg"}],"author":"Jeff Loch","twitter_card":"summary_large_image","twitter_creator":"@c5dnews","twitter_site":"@c5dnews","twitter_misc":{"Written by":"Jeff Loch","Est. reading time":"5 minutes"},"schema":{"@context":"https:\/\/schema.org","@graph":[{"@type":"Article","@id":"https:\/\/staging.cined.dev\/es\/shape-sony-a7s-iii-cage-and-rigging-solutions-released\/#article","isPartOf":{"@id":"https:\/\/staging.cined.dev\/es\/shape-sony-a7s-iii-cage-and-rigging-solutions-released\/"},"author":{"name":"Jeff Loch","@id":"https:\/\/www.cined.com\/#\/schema\/person\/556394dcf5edfa4239078306ccc7b55b"},"headline":"SHAPE lanz\u00f3 soluciones de armazones y montaje para la Sony a7S III","datePublished":"2020-10-06T14:32:26+00:00","dateModified":"2020-10-07T18:09:43+00:00","mainEntityOfPage":{"@id":"https:\/\/staging.cined.dev\/es\/shape-sony-a7s-iii-cage-and-rigging-solutions-released\/"},"wordCount":924,"commentCount":0,"publisher":{"@id":"https:\/\/www.cined.com\/#organization"},"image":{"@id":"https:\/\/staging.cined.dev\/es\/shape-sony-a7s-iii-cage-and-rigging-solutions-released\/#primaryimage"},"thumbnailUrl":"https:\/\/staging.cined.dev\/content\/uploads\/2020\/10\/SHAPESonya7SIII_Featured.jpg","keywords":["shape","SONY A7S III","armazones para la Sony a7S III","montaje para la Sony a7S III","kit","SHAPE Sony a7S III","Sony a7S III Cage","Sony a7S III Rig"],"articleSection":["Noticias","Accesorios"],"inLanguage":"es-ES","potentialAction":[{"@type":"CommentAction","name":"Comment","target":["https:\/\/staging.cined.dev\/es\/shape-sony-a7s-iii-cage-and-rigging-solutions-released\/#respond"]}]},{"@type":"WebPage","@id":"https:\/\/staging.cined.dev\/es\/shape-sony-a7s-iii-cage-and-rigging-solutions-released\/","url":"https:\/\/staging.cined.dev\/es\/shape-sony-a7s-iii-cage-and-rigging-solutions-released\/","name":"SHAPE lanz\u00f3 soluciones de armazones y montaje para la Sony a7S III | CineD","isPartOf":{"@id":"https:\/\/www.cined.com\/#website"},"primaryImageOfPage":{"@id":"https:\/\/staging.cined.dev\/es\/shape-sony-a7s-iii-cage-and-rigging-solutions-released\/#primaryimage"},"image":{"@id":"https:\/\/staging.cined.dev\/es\/shape-sony-a7s-iii-cage-and-rigging-solutions-released\/#primaryimage"},"thumbnailUrl":"https:\/\/staging.cined.dev\/content\/uploads\/2020\/10\/SHAPESonya7SIII_Featured.jpg","datePublished":"2020-10-06T14:32:26+00:00","dateModified":"2020-10-07T18:09:43+00:00","description":"SHAPE has just released the SHAPE Sony a7S III cage and rigging solutions that are compatible with Sony's latest full-frame mirrorless camera.","inLanguage":"es-ES","potentialAction":[{"@type":"ReadAction","target":["https:\/\/staging.cined.dev\/es\/shape-sony-a7s-iii-cage-and-rigging-solutions-released\/"]}]},{"@type":"ImageObject","inLanguage":"es-ES","@id":"https:\/\/staging.cined.dev\/es\/shape-sony-a7s-iii-cage-and-rigging-solutions-released\/#primaryimage","url":"https:\/\/staging.cined.dev\/content\/uploads\/2020\/10\/SHAPESonya7SIII_Featured.jpg","contentUrl":"https:\/\/staging.cined.dev\/content\/uploads\/2020\/10\/SHAPESonya7SIII_Featured.jpg","width":1920,"height":1080,"caption":"Image credit: SHAPE"},{"@type":"WebSite","@id":"https:\/\/www.cined.com\/#website","url":"https:\/\/www.cined.com\/","name":"CineD","description":"","publisher":{"@id":"https:\/\/www.cined.com\/#organization"},"potentialAction":[{"@type":"SearchAction","target":{"@type":"EntryPoint","urlTemplate":"https:\/\/www.cined.com\/?s={search_term_string}"},"query-input":{"@type":"PropertyValueSpecification","valueRequired":true,"valueName":"search_term_string"}}],"inLanguage":"es-ES"},{"@type":"Organization","@id":"https:\/\/www.cined.com\/#organization","name":"CineD","url":"https:\/\/www.cined.com\/","logo":{"@type":"ImageObject","inLanguage":"es-ES","@id":"https:\/\/www.cined.com\/#\/schema\/logo\/image\/","url":"https:\/\/staging.cined.dev\/content\/uploads\/2020\/08\/logo_email.jpg","contentUrl":"https:\/\/staging.cined.dev\/content\/uploads\/2020\/08\/logo_email.jpg","width":313,"height":285,"caption":"CineD"},"image":{"@id":"https:\/\/www.cined.com\/#\/schema\/logo\/image\/"},"sameAs":["http:\/\/www.facebook.com\/C5Dnews","https:\/\/x.com\/c5dnews","https:\/\/www.youtube.com\/user\/cinema5Dnews"]},{"@type":"Person","@id":"https:\/\/www.cined.com\/#\/schema\/person\/556394dcf5edfa4239078306ccc7b55b","name":"Jeff Loch","image":{"@type":"ImageObject","inLanguage":"es-ES","@id":"https:\/\/www.cined.com\/#\/schema\/person\/image\/","url":"https:\/\/secure.gravatar.com\/avatar\/1b77d7bc8cd4aacd78d6b0c8c5e4650584b81763970851db9e0e69915d468cc6?s=96&d=mm&r=g","contentUrl":"https:\/\/secure.gravatar.com\/avatar\/1b77d7bc8cd4aacd78d6b0c8c5e4650584b81763970851db9e0e69915d468cc6?s=96&d=mm&r=g","caption":"Jeff Loch"},"description":"Jeff Loch is a French freelance director, editor and colorist, working mostly on music videos, commercials, and corporate films.","sameAs":["https:\/\/www.jeffloch.com\/","https:\/\/www.facebook.com\/JeffLochOfficiel\/","https:\/\/www.instagram.com\/iamaneditor\/"],"url":"https:\/\/staging.cined.dev\/es\/author\/jeff-10\/"}]}},"feature_image_url":"https:\/\/staging.cined.dev\/content\/uploads\/2020\/10\/SHAPESonya7SIII_Featured.jpg","images":[{"url":"https:\/\/staging.cined.dev\/content\/uploads\/2020\/10\/SHAPESonya7SIII_Featured.jpg","width":978,"height":550,"type":"thumbnail"},{"url":"https:\/\/staging.cined.dev\/content\/uploads\/2020\/10\/SHAPESonya7SIII_Featured-370x230.jpg","width":370,"height":230,"type":"thumbnail"},{"url":"https:\/\/staging.cined.dev\/content\/uploads\/2020\/10\/SHAPESonya7SIII_Featured.jpg","width":740,"height":416,"type":"thumbnail"},{"url":"https:\/\/staging.cined.dev\/content\/uploads\/2020\/10\/SHAPESonya7SIII_Featured.jpg","width":770,"height":433,"type":"thumbnail"},{"url":"https:\/\/staging.cined.dev\/content\/uploads\/2020\/10\/SHAPESonya7SIII_Featured.jpg","width":385,"height":217,"type":"thumbnail"},{"url":"https:\/\/staging.cined.dev\/content\/uploads\/2020\/10\/SHAPESonya7SIII_Featured-1300x750.jpg","width":1300,"height":750,"type":"featured"},{"url":"https:\/\/staging.cined.dev\/content\/uploads\/2020\/10\/SHAPESonya7SIII_Featured-1600x900.jpg","width":1600,"height":900,"type":"featured"}],"custom_labels":[{"id":52833,"name":"Camera Cage","link":"https:\/\/staging.cined.dev\/es\/labels\/camera-cage-es\/","slug":"camera-cage-es"}],"mzed_course":{"content":null,"uuid":null},"buylinks":{"main_buylinks":{"uuid":"159582-main-buylinks","content":"<div id=\"initial-buylinks\" class=\"alternative-links\">\n\t<div class=\"affilite-banner-block\">\n\t\t<div class=\"row\">\n\t\t\t<div class=\"col l3 m3 s12 center affilate-logo\">\t\t\t\t\t\n\t\t\t\t<img src=\"https:\/\/staging.cined.dev\/content\/themes\/cinemad\/assets\/images\/icons\/cined-logo-affilate-white.png\" alt=\"Logo\">\n\t\t\t<\/div>\n\t\t\t<div class=\"col l9 m9 s12 affilite-banner-content\">\n\t\t\t\t<h4>Apoya a CineD. Compra con nuestros socios.<\/h4>\n\t\t\t\t<h2>Apoya a CineD. Compra con nuestros socios.<\/h2>\n\t\t\t\t<span class=\"sub-content\">Nuestras rese\u00f1as siempre son imparciales.<\/span>\n\t\t\t\t<div class=\"clear\"><\/div>\n\t\t\t\t<a href=\"https:\/\/www.cined.com\/es\/nuestros-principios\/\" class=\"affiliates-button\">Conoce m\u00e1s sobre nuestros principios<\/a>\n\t\t\t<\/div>\n\t\t<\/div>\n\t<\/div>\n\t<div class=\"alternative-links-inner link-initial\"><div class=\"row\"><div class=\"col l9 m12 s12 offset-l3\"><header>SHAPE Cage for Sony A7S III\/A7 IV\/A7R V<\/header><\/div><\/div><div class=\"row\"><div class=\"col l3 m12 s12 alternative-links-thumb\"><img src=\"https:\/\/cvp.com\/images\/products\/24-09-20201600959000main-small.jpg\" alt=\"SHAPE Cage for Sony A7S III\/A7 IV\/A7R V\"><\/div><div class=\"col l8 m12 s12 alternative-link-data offset-l1\"><div class=\"row\"><div class=\"col s3 link-logo\"><span class=\"cvp-logo\"><\/span><\/div><div class=\"col s2 link-flag no-padding\"><span class=\"link-flags link-flag-eu\"><\/span><\/div><div class=\"col s7 link-price no-padding\"><a class=\"btn\" href=\"https:\/\/cvp.com\/product\/shape-a7s3cage-sony-cage?aff_id=101&tid1=jeff\" target=\"_blank\" rel=\"nofollow noopener noreferrer\">\u20ac 190.98<i class=\"material-icons dp48\">arrow_forward<\/i><\/a><\/div><\/div><div class=\"row\"><div class=\"col l8 s7 link-price vat-notice center-align\"><strong>all prices excluding sales tax\/VAT<\/strong><\/div><\/div><\/div><\/div><\/div><div class=\"alternative-links-inner link-initial\"><div class=\"row\"><div class=\"col l9 m12 s12 offset-l3\"><header>Camera Cage with Top Handle and 15mm Baseplate for Sony a7S III\/a7 IV<\/header><\/div><\/div><div class=\"row\"><div class=\"col l3 m12 s12 alternative-links-thumb\"><img src=\"https:\/\/static.bhphoto.com\/images\/images345x345\/1605040547000_1596274.jpg\" alt=\"Camera Cage with Top Handle and 15mm Baseplate for Sony a7S III\/a7 IV\"><\/div><div class=\"col l8 m12 s12 alternative-link-data offset-l1\"><div class=\"row\"><div class=\"col s3 link-logo\"><span class=\"bh-logo\"><\/span><\/div><div class=\"col s2 link-flag no-padding\"><span class=\"link-flags link-flag-usa\"><\/span><\/div><div class=\"col s7 link-price no-padding\"><a class=\"btn\" href=\"https:\/\/www.bhphotovideo.com\/c\/product\/1596274-REG\/shape_a7s3rod_sony_a7s3_cage_15mm.html\/BI\/7953\/KBID\/8488\/SID\/jeff\/\" target=\"_blank\" rel=\"nofollow noopener noreferrer\">$ 483.12<i class=\"material-icons dp48\">arrow_forward<\/i><\/a><\/div><\/div><div class=\"row\"><div class=\"col s3 link-logo\"><span class=\"cvp-logo\"><\/span><\/div><div class=\"col s2 link-flag no-padding\"><span class=\"link-flags link-flag-eu\"><\/span><\/div><div class=\"col s7 link-price no-padding\"><a class=\"btn\" href=\"https:\/\/cvp.com\/product\/shape-a7s3rod-sony-cage-with-15mm-rod?aff_id=101&tid1=jeff\" target=\"_blank\" rel=\"nofollow noopener noreferrer\">\u20ac 467.23<i class=\"material-icons dp48\">arrow_forward<\/i><\/a><\/div><\/div><div class=\"row\"><div class=\"col l8 s7 link-price vat-notice center-align\"><strong>all prices excluding sales tax\/VAT<\/strong><\/div><\/div><\/div><\/div><\/div><div class=\"alternative-links-inner link-initial\"><div class=\"row\"><div class=\"col l9 m12 s12 offset-l3\"><header>a7S III Mirrorless Camera<\/header><\/div><\/div><div class=\"row\"><div class=\"col l3 m12 s12 alternative-links-thumb\"><img src=\"https:\/\/static.bhphoto.com\/images\/images345x345\/1595945180000_1577838.jpg\" alt=\"a7S III Mirrorless Camera\"><\/div><div class=\"col l8 m12 s12 alternative-link-data offset-l1\"><div class=\"row\"><div class=\"col s3 link-logo\"><span class=\"bh-logo\"><\/span><\/div><div class=\"col s2 link-flag no-padding\"><span class=\"link-flags link-flag-usa\"><\/span><\/div><div class=\"col s7 link-price no-padding\"><a class=\"btn\" href=\"https:\/\/www.bhphotovideo.com\/c\/product\/1577838-REG\/sony_ilce7sm3_b_alpha_a7s_iii_mirrorless.html\/BI\/7953\/KBID\/8488\/SID\/jeff\/\" target=\"_blank\" rel=\"nofollow noopener noreferrer\">$ 3,498.00<i class=\"material-icons dp48\">arrow_forward<\/i><\/a><\/div><\/div><div class=\"row\"><div class=\"col s3 link-logo\"><span class=\"cvp-logo\"><\/span><\/div><div class=\"col s2 link-flag no-padding\"><span class=\"link-flags link-flag-eu\"><\/span><\/div><div class=\"col s7 link-price no-padding\"><a class=\"btn\" href=\"https:\/\/cvp.com\/product\/sony-ilce7sm3-b-alpha-a7s-iii-mirrorless?aff_id=101&tid1=jeff\" target=\"_blank\" rel=\"nofollow noopener noreferrer\">\u20ac 3,115.79<i class=\"material-icons dp48\">arrow_forward<\/i><\/a><\/div><\/div><div class=\"row\"><div class=\"col l8 s7 link-price vat-notice center-align\"><strong>all prices excluding sales tax\/VAT<\/strong><\/div><\/div><\/div><\/div><\/div><div class=\"alternative-links-inner link-initial\"><div class=\"row\"><div class=\"col l9 m12 s12 offset-l3\"><header>SHAPE Cage with Top Handle for Sony A7SIII<\/header><\/div><\/div><div class=\"row\"><div class=\"col l3 m12 s12 alternative-links-thumb\"><img src=\"https:\/\/cvp.com\/images\/products\/13-11-20201605262702200.jpg\" alt=\"SHAPE Cage with Top Handle for Sony A7SIII\"><\/div><div class=\"col l8 m12 s12 alternative-link-data offset-l1\"><div class=\"row\"><div class=\"col s3 link-logo\"><span class=\"cvp-logo\"><\/span><\/div><div class=\"col s2 link-flag no-padding\"><span class=\"link-flags link-flag-eu\"><\/span><\/div><div class=\"col s7 link-price no-padding\"><a class=\"btn\" href=\"https:\/\/cvp.com\/product\/shape-a7s3thc-sony-cage-with-top-handle?aff_id=101&tid1=jeff\" target=\"_blank\" rel=\"nofollow noopener noreferrer\">\u20ac 209.25<i class=\"material-icons dp48\">arrow_forward<\/i><\/a><\/div><\/div><div class=\"row\"><div class=\"col l8 s7 link-price vat-notice center-align\"><strong>all prices excluding sales tax\/VAT<\/strong><\/div><\/div><\/div><\/div><\/div><\/div>"},"inline_buylinks":{"uuid":"159582-inline-buylinks","content":"<div class=\"alternative-links alternative-links-minimal\"><div class=\"alternative-links-inner\"><div class=\"link-product-name\"><strong>SHAPE Cage for Sony A7S III\/A7 IV\/A7R V<\/strong><\/div><div class=\"row\"><div class=\"col s3 link-logo\"><span class=\"cvp-logo\"><\/span><\/div><div class=\"col s2 link-flag no-padding\"><span class=\"link-flags link-flag-eu\"><\/span><\/div><div class=\"col s7 link-price no-padding\"><a class=\"btn\" href=\"https:\/\/cvp.com\/product\/shape-a7s3cage-sony-cage?aff_id=101&tid1=jeff\" target=\"_blank\" rel=\"nofollow noopener noreferrer\">\u20ac 190.98<i class=\"material-icons dp48\">arrow_forward<\/i><\/a><\/div><\/div><div class=\"row vat-notice-minimal\"><div class=\"col l8 s7 link-price vat-notice center-align\"><strong>all prices excluding sales tax\/VAT<\/strong><\/div><\/div><\/div><\/div>"}},"total_comments":0,"related_articles":[{"id":142031,"title":"Presentaron SHAPE SBAG \u2013 Un vers\u00e1til bolso de asistente de c\u00e1mara","url":"https:\/\/staging.cined.dev\/es\/shape-sbag-introduced-versatile-camera-assistant-bag\/","author":15720,"author_details":{"display_name":"Jeff Loch","first_name":"Jeff","last_name":"Loch"},"publish_date":"June, 15 2020","feature_image_url":"https:\/\/staging.cined.dev\/content\/uploads\/2020\/06\/SHAPESBAG_Featured.jpg","images":[{"url":"https:\/\/staging.cined.dev\/content\/uploads\/2020\/06\/SHAPESBAG_Featured.jpg","width":978,"height":550,"type":"thumbnail"},{"url":"https:\/\/staging.cined.dev\/content\/uploads\/2020\/06\/SHAPESBAG_Featured.jpg","width":370,"height":208,"type":"thumbnail"},{"url":"https:\/\/staging.cined.dev\/content\/uploads\/2020\/06\/SHAPESBAG_Featured.jpg","width":740,"height":416,"type":"thumbnail"},{"url":"https:\/\/staging.cined.dev\/content\/uploads\/2020\/06\/SHAPESBAG_Featured.jpg","width":770,"height":433,"type":"thumbnail"},{"url":"https:\/\/staging.cined.dev\/content\/uploads\/2020\/06\/SHAPESBAG_Featured.jpg","width":385,"height":217,"type":"thumbnail"},{"url":"https:\/\/staging.cined.dev\/content\/uploads\/2020\/06\/SHAPESBAG_Featured.jpg","width":1300,"height":731,"type":"featured"},{"url":"https:\/\/staging.cined.dev\/content\/uploads\/2020\/06\/SHAPESBAG_Featured.jpg","width":1600,"height":900,"type":"featured"}],"categories":[{"id":42290,"name":"Noticias","link":"https:\/\/staging.cined.dev\/es\/noticias\/","slug":"noticias"},{"id":42299,"name":"Accesorios","link":"https:\/\/staging.cined.dev\/es\/noticias\/accesorios\/","slug":"accesorios"}],"custom_labels":null,"total_comments":0,"video_url":""},{"id":152931,"title":"El Atomos Ninja V grabar\u00e1 ProRes RAW 12-Bit 4K60p a trav\u00e9s de HDMI con la Sony a7S III","url":"https:\/\/staging.cined.dev\/es\/atomos-ninja-record-12bit-prores-raw-hdmi-sony-a7s-iii\/","author":12862,"author_details":{"display_name":"Jakub Han","first_name":"Jakub","last_name":"Han"},"publish_date":"July, 29 2020","feature_image_url":"https:\/\/staging.cined.dev\/content\/uploads\/2020\/07\/Ninja-V-a7S-III-RAW-featured-640x360-1.jpg","images":[{"url":"https:\/\/staging.cined.dev\/content\/uploads\/2020\/07\/Ninja-V-a7S-III-RAW-featured-640x360-1.jpg","width":640,"height":360,"type":"thumbnail"},{"url":"https:\/\/staging.cined.dev\/content\/uploads\/2020\/07\/Ninja-V-a7S-III-RAW-featured-640x360-1-370x230.jpg","width":370,"height":230,"type":"thumbnail"},{"url":"https:\/\/staging.cined.dev\/content\/uploads\/2020\/07\/Ninja-V-a7S-III-RAW-featured-640x360-1.jpg","width":640,"height":360,"type":"thumbnail"},{"url":"https:\/\/staging.cined.dev\/content\/uploads\/2020\/07\/Ninja-V-a7S-III-RAW-featured-640x360-1.jpg","width":640,"height":360,"type":"thumbnail"},{"url":"https:\/\/staging.cined.dev\/content\/uploads\/2020\/07\/Ninja-V-a7S-III-RAW-featured-640x360-1.jpg","width":385,"height":217,"type":"thumbnail"},{"url":"https:\/\/staging.cined.dev\/content\/uploads\/2020\/07\/Ninja-V-a7S-III-RAW-featured-640x360-1.jpg","width":640,"height":360,"type":"featured"},{"url":"https:\/\/staging.cined.dev\/content\/uploads\/2020\/07\/Ninja-V-a7S-III-RAW-featured-640x360-1.jpg","width":640,"height":360,"type":"featured"}],"categories":[{"id":42290,"name":"Noticias","link":"https:\/\/staging.cined.dev\/es\/noticias\/","slug":"noticias"},{"id":42299,"name":"Accesorios","link":"https:\/\/staging.cined.dev\/es\/noticias\/accesorios\/","slug":"accesorios"}],"custom_labels":null,"total_comments":0,"video_url":""},{"id":145492,"title":"Rese\u00f1a de la Sony a7S III - Mini Documental y material de muestra con poca luz","url":"https:\/\/staging.cined.dev\/es\/sony-a7s-iii-review-mini-documentary-and-lowlight-sample-footage\/","author":7,"author_details":{"display_name":"Johnnie Behiri","first_name":"Johnnie","last_name":"Behiri"},"publish_date":"July, 28 2020","feature_image_url":"https:\/\/staging.cined.dev\/content\/uploads\/2020\/07\/Sony-a7S-III-Image-credit-cinema5D.jpg","images":[{"url":"https:\/\/staging.cined.dev\/content\/uploads\/2020\/07\/Sony-a7S-III-Image-credit-cinema5D.jpg","width":978,"height":550,"type":"thumbnail"},{"url":"https:\/\/staging.cined.dev\/content\/uploads\/2020\/07\/Sony-a7S-III-Image-credit-cinema5D.jpg","width":370,"height":208,"type":"thumbnail"},{"url":"https:\/\/staging.cined.dev\/content\/uploads\/2020\/07\/Sony-a7S-III-Image-credit-cinema5D.jpg","width":740,"height":416,"type":"thumbnail"},{"url":"https:\/\/staging.cined.dev\/content\/uploads\/2020\/07\/Sony-a7S-III-Image-credit-cinema5D.jpg","width":770,"height":433,"type":"thumbnail"},{"url":"https:\/\/staging.cined.dev\/content\/uploads\/2020\/07\/Sony-a7S-III-Image-credit-cinema5D.jpg","width":385,"height":217,"type":"thumbnail"},{"url":"https:\/\/staging.cined.dev\/content\/uploads\/2020\/07\/Sony-a7S-III-Image-credit-cinema5D.jpg","width":1300,"height":731,"type":"featured"},{"url":"https:\/\/staging.cined.dev\/content\/uploads\/2020\/07\/Sony-a7S-III-Image-credit-cinema5D.jpg","width":1600,"height":900,"type":"featured"}],"categories":[{"id":42314,"name":"Rese\u00f1as","link":"https:\/\/staging.cined.dev\/es\/resenas\/","slug":"resenas"},{"id":42317,"name":"C\u00e1maras","link":"https:\/\/staging.cined.dev\/es\/resenas\/resenas-camaras-es\/","slug":"resenas-camaras-es"}],"custom_labels":null,"total_comments":0,"video_url":"https:\/\/www.youtube.com\/watch?v=y94nSdgHnI0"}],"url":"https:\/\/staging.cined.dev\/es\/shape-sony-a7s-iii-cage-and-rigging-solutions-released\/","author_details":{"display_name":"Jeff Loch","first_name":"Jeff","last_name":"Loch","avatar":"https:\/\/staging.cined.dev\/content\/uploads\/userphoto\/CineD_04.jpg"},"show_author":true,"cached":true,"likes":1,"_links":{"self":[{"href":"https:\/\/staging.cined.dev\/es\/wp-json\/wp\/v2\/posts\/159582","targetHints":{"allow":["GET"]}}],"collection":[{"href":"https:\/\/staging.cined.dev\/es\/wp-json\/wp\/v2\/posts"}],"about":[{"href":"https:\/\/staging.cined.dev\/es\/wp-json\/wp\/v2\/types\/post"}],"author":[{"embeddable":true,"href":"https:\/\/staging.cined.dev\/es\/wp-json\/wp\/v2\/users\/15720"}],"replies":[{"embeddable":true,"href":"https:\/\/staging.cined.dev\/es\/wp-json\/wp\/v2\/comments?post=159582"}],"version-history":[{"count":2,"href":"https:\/\/staging.cined.dev\/es\/wp-json\/wp\/v2\/posts\/159582\/revisions"}],"predecessor-version":[{"id":159752,"href":"https:\/\/staging.cined.dev\/es\/wp-json\/wp\/v2\/posts\/159582\/revisions\/159752"}],"wp:featuredmedia":[{"embeddable":true,"href":"https:\/\/staging.cined.dev\/es\/wp-json\/wp\/v2\/media\/159441"}],"wp:attachment":[{"href":"https:\/\/staging.cined.dev\/es\/wp-json\/wp\/v2\/media?parent=159582"}],"wp:term":[{"taxonomy":"category","embeddable":true,"href":"https:\/\/staging.cined.dev\/es\/wp-json\/wp\/v2\/categories?post=159582"},{"taxonomy":"post_tag","embeddable":true,"href":"https:\/\/staging.cined.dev\/es\/wp-json\/wp\/v2\/tags?post=159582"},{"taxonomy":"tag_label","embeddable":true,"href":"https:\/\/staging.cined.dev\/es\/wp-json\/wp\/v2\/tag_label?post=159582"},{"taxonomy":"brand","embeddable":true,"href":"https:\/\/staging.cined.dev\/es\/wp-json\/wp\/v2\/brand?post=159582"}],"curies":[{"name":"wp","href":"https:\/\/api.w.org\/{rel}","templated":true}]}}